{"id":7592,"date":"2013-11-06T19:28:28","date_gmt":"2013-11-06T19:28:28","guid":{"rendered":"https:\/\/mostra-mi.it\/?p=7592"},"modified":"2020-06-04T19:12:05","modified_gmt":"2020-06-04T17:12:05","slug":"andrea-valentina-colombo","status":"publish","type":"post","link":"https:\/\/www.mostra-mi.it\/en\/artisti\/andrea-valentina-colombo","title":{"rendered":"Andrea Valentina Colombo"},"content":{"rendered":"<p><!--:it-->Ho sempre avuto un debole per l\u2019arte. Non perch\u00e8 io lo desideri, ma semplicemente perch\u00e8 di fronte a certe opere mi capita spesso di emozionarmi al punto di piangere, come quando ci si emoziona guardando un film. Non so il perch\u00e8 mi succeda; mi accade e basta.<br \/>\nLa formazione classica sicuramente avr\u00e0 influito sulla mia personalit\u00e0, ma non ricordo nessuna persona in particolare e nessun episodio che mi abbia spinto a dipingere. E\u2019 successo per caso un giorno qualunque di una settimana qualunque. Ho sempre amato i colori brillanti delle vetrate e ho deciso di dipingere su vetro. Pian piano la mia tecnica si \u00e8 evoluta nel dipingere il vetro come se fosse una tela, ricreando gli effetti della tempera, ma con una luminosit\u00e0 unica. La vera difficolt\u00e0 di questa tecnica \u00e8 che non \u00e8 correggibile : una volta asciugato il colore non \u00e8 pi\u00f9 possibile modificare eventuali errori, poich\u00e8 quando i colori asciutti entrano in contatto con quelli liquidi, si sfaldano completamente ,come se fosse stata versata sopra dell\u2019acquaragia.<br \/>\nQuesta loro limite, secondo me, \u00e8 un vantaggio perch\u00e8 obbliga a dare tutto te stesso, a metterci tutto il cuore e l\u2019impegno possibile prima che il colore si asciughi, cos\u00ec l\u2019opera racchiude in se un pezzettino di te che rimarr\u00e0 intrappolato dentro di lei per sempre.<br \/>\nI soggetti sono ispirati all\u2019arte messicana, ma reinterpretati a seconda dell\u2019opera.<br \/>\nIn particolare i due quadri raffiguranti le giovani donne rappresentano la mia visione del periodo italiano che stiamo vivendo.<br \/>\nLa caveira mexicana \u00e8 il simbolo della morte, ma anche della rinascita.<br \/>\nLe lacrime rappresentano la consapevolezza di una situazione insostenibile in cui non c\u2019\u00e8 una speranza per un futuro migliore, mentre la bocca cucita \u00e8 simbolo di impotenza di fronte alla consapevolezza, perch\u00e8 non si pu\u00f2 fare nulla e le parole sono inutili. Tuttavia c\u2019\u00e8 la speranza di vedere la luce alla fine del tunnel.<br \/>\nLa ragazza dell\u2019immagine 1 per\u00f2 ha lo sguardo alto e dignitoso, forte, ce la far\u00e0, ne \u00e8 convinta, ce la metter\u00e0 tutta, reagir\u00e0; mentre la seconda lascia aprire le labbra con uno sguardo pi\u00f9 molle, nasconde il viso tra i capelli, perch\u00e8 ha perso la speranza e si lascia andare. Sono due diverse reazioni in un contesto simile.<br \/>\nGli altri quadri sono invece pi\u00f9 celebrativi. Due rappresentano il giorno dei morti messicano in versione moderna tattoo dove ho voluto lasciare parola solo al colore, mentre il quadro con i pappagalli \u00e8 la celebrazione del mondo naturale (in questo caso della giungla latino-americana) che l\u2019uomo sta distruggendo, senza rendersi conto di quali meraviglie e colori stia privando le generazioni che verranno.<br \/>\n<!--:--><\/p>","protected":false},"excerpt":{"rendered":"<p>Ho sempre avuto un debole per l\u2019arte. Non perch\u00e8 io lo desideri, ma semplicemente perch\u00e8 di fronte a certe opere mi capita spesso di emozionarmi al punto di piangere, come quando ci si emoziona guardando un film. Non so il&#8230;<\/p>","protected":false},"author":346,"featured_media":33151,"comment_status":"open","ping_status":"closed","sticky":false,"template":"","format":"standard","meta":{"footnotes":""},"categories":[94,92],"tags":[159,211,597],"class_list":["post-7592","post","type-post","status-publish","format-standard","has-post-thumbnail","hentry","category-pittura","category-artisti","tag-arte-contemporanea","tag-giovane-artista","tag-pittore-contemporaneo"],"yoast_head":"<!-- This site is optimized with the Yoast SEO plugin v27.4 - https:\/\/yoast.com\/product\/yoast-seo-wordpress\/ -->\n<title>Andrea Valentina Colombo - Mostrami<\/title>\n<meta name=\"description\" content=\"Ho sempre avuto un debole per l\u2019arte. Non perch\u00e8 io lo desideri, ma semplicemente perch\u00e8 di fronte a certe opere mi capita spesso di emozionarmi.\" \/>\n<meta name=\"robots\" content=\"index, follow, max-snippet:-1, max-image-preview:large, max-video-preview:-1\" \/>\n<link rel=\"canonical\" href=\"https:\/\/www.mostra-mi.it\/en\/artisti\/andrea-valentina-colombo\/\" \/>\n<meta property=\"og:locale\" content=\"en_GB\" \/>\n<meta property=\"og:type\" content=\"article\" \/>\n<meta property=\"og:title\" content=\"Andrea Valentina Colombo - Mostrami\" \/>\n<meta property=\"og:description\" content=\"Ho sempre avuto un debole per l\u2019arte. Non perch\u00e8 io lo desideri, ma semplicemente perch\u00e8 di fronte a certe opere mi capita spesso di emozionarmi.\" \/>\n<meta property=\"og:url\" content=\"https:\/\/www.mostra-mi.it\/en\/artisti\/andrea-valentina-colombo\/\" \/>\n<meta property=\"og:site_name\" content=\"Mostrami\" \/>\n<meta property=\"article:published_time\" content=\"2013-11-06T19:28:28+00:00\" \/>\n<meta property=\"article:modified_time\" content=\"2020-06-04T17:12:05+00:00\" \/>\n<meta property=\"og:image\" content=\"https:\/\/www.mostra-mi.it\/wp-content\/uploads\/Mostrami-giovani-artisti-evidenza-5.jpg\" \/>\n\t<meta property=\"og:image:width\" content=\"588\" \/>\n\t<meta property=\"og:image:height\" content=\"388\" \/>\n\t<meta property=\"og:image:type\" content=\"image\/jpeg\" \/>\n<meta name=\"author\" content=\"Andrea Valentina Colombo\" \/>\n<meta name=\"twitter:card\" content=\"summary_large_image\" \/>\n<meta name=\"twitter:label1\" content=\"Written by\" \/>\n\t<meta name=\"twitter:data1\" content=\"Andrea Valentina Colombo\" \/>\n\t<meta name=\"twitter:label2\" content=\"Estimated reading time\" \/>\n\t<meta name=\"twitter:data2\" content=\"2 minutes\" \/>\n<script type=\"application\/ld+json\" class=\"yoast-schema-graph\">{\"@context\":\"https:\\\/\\\/schema.org\",\"@graph\":[{\"@type\":\"Article\",\"@id\":\"https:\\\/\\\/www.mostra-mi.it\\\/artisti\\\/andrea-valentina-colombo#article\",\"isPartOf\":{\"@id\":\"https:\\\/\\\/www.mostra-mi.it\\\/artisti\\\/andrea-valentina-colombo\"},\"author\":{\"name\":\"Andrea Valentina Colombo\",\"@id\":\"https:\\\/\\\/www.mostra-mi.it\\\/#\\\/schema\\\/person\\\/3a91a491b86876291164cc73fdc36ad7\"},\"headline\":\"Andrea Valentina Colombo\",\"datePublished\":\"2013-11-06T19:28:28+00:00\",\"dateModified\":\"2020-06-04T17:12:05+00:00\",\"mainEntityOfPage\":{\"@id\":\"https:\\\/\\\/www.mostra-mi.it\\\/artisti\\\/andrea-valentina-colombo\"},\"wordCount\":432,\"commentCount\":0,\"publisher\":{\"@id\":\"https:\\\/\\\/www.mostra-mi.it\\\/#organization\"},\"image\":{\"@id\":\"https:\\\/\\\/www.mostra-mi.it\\\/artisti\\\/andrea-valentina-colombo#primaryimage\"},\"thumbnailUrl\":\"https:\\\/\\\/www.mostra-mi.it\\\/wp-content\\\/uploads\\\/Mostrami-giovani-artisti-evidenza-5.jpg\",\"keywords\":[\"arte contemporanea\",\"giovane artista\",\"pittore contemporaneo\"],\"articleSection\":[\"Pittura\",\"Artisti\"],\"inLanguage\":\"en-GB\",\"potentialAction\":[{\"@type\":\"CommentAction\",\"name\":\"Comment\",\"target\":[\"https:\\\/\\\/www.mostra-mi.it\\\/artisti\\\/andrea-valentina-colombo#respond\"]}]},{\"@type\":\"WebPage\",\"@id\":\"https:\\\/\\\/www.mostra-mi.it\\\/artisti\\\/andrea-valentina-colombo\",\"url\":\"https:\\\/\\\/www.mostra-mi.it\\\/artisti\\\/andrea-valentina-colombo\",\"name\":\"Andrea Valentina Colombo - Mostrami\",\"isPartOf\":{\"@id\":\"https:\\\/\\\/www.mostra-mi.it\\\/#website\"},\"primaryImageOfPage\":{\"@id\":\"https:\\\/\\\/www.mostra-mi.it\\\/artisti\\\/andrea-valentina-colombo#primaryimage\"},\"image\":{\"@id\":\"https:\\\/\\\/www.mostra-mi.it\\\/artisti\\\/andrea-valentina-colombo#primaryimage\"},\"thumbnailUrl\":\"https:\\\/\\\/www.mostra-mi.it\\\/wp-content\\\/uploads\\\/Mostrami-giovani-artisti-evidenza-5.jpg\",\"datePublished\":\"2013-11-06T19:28:28+00:00\",\"dateModified\":\"2020-06-04T17:12:05+00:00\",\"description\":\"Ho sempre avuto un debole per l\u2019arte. Non perch\u00e8 io lo desideri, ma semplicemente perch\u00e8 di fronte a certe opere mi capita spesso di emozionarmi.\",\"breadcrumb\":{\"@id\":\"https:\\\/\\\/www.mostra-mi.it\\\/artisti\\\/andrea-valentina-colombo#breadcrumb\"},\"inLanguage\":\"en-GB\",\"potentialAction\":[{\"@type\":\"ReadAction\",\"target\":[\"https:\\\/\\\/www.mostra-mi.it\\\/artisti\\\/andrea-valentina-colombo\"]}]},{\"@type\":\"ImageObject\",\"inLanguage\":\"en-GB\",\"@id\":\"https:\\\/\\\/www.mostra-mi.it\\\/artisti\\\/andrea-valentina-colombo#primaryimage\",\"url\":\"https:\\\/\\\/www.mostra-mi.it\\\/wp-content\\\/uploads\\\/Mostrami-giovani-artisti-evidenza-5.jpg\",\"contentUrl\":\"https:\\\/\\\/www.mostra-mi.it\\\/wp-content\\\/uploads\\\/Mostrami-giovani-artisti-evidenza-5.jpg\",\"width\":588,\"height\":388},{\"@type\":\"BreadcrumbList\",\"@id\":\"https:\\\/\\\/www.mostra-mi.it\\\/artisti\\\/andrea-valentina-colombo#breadcrumb\",\"itemListElement\":[{\"@type\":\"ListItem\",\"position\":1,\"name\":\"Home\",\"item\":\"https:\\\/\\\/www.mostra-mi.it\\\/\"},{\"@type\":\"ListItem\",\"position\":2,\"name\":\"Andrea Valentina Colombo\"}]},{\"@type\":\"WebSite\",\"@id\":\"https:\\\/\\\/www.mostra-mi.it\\\/#website\",\"url\":\"https:\\\/\\\/www.mostra-mi.it\\\/\",\"name\":\"Mostrami\",\"description\":\"Mostrami, galleria che si propone come vetrina per giovani artisti\",\"publisher\":{\"@id\":\"https:\\\/\\\/www.mostra-mi.it\\\/#organization\"},\"potentialAction\":[{\"@type\":\"SearchAction\",\"target\":{\"@type\":\"EntryPoint\",\"urlTemplate\":\"https:\\\/\\\/www.mostra-mi.it\\\/?s={search_term_string}\"},\"query-input\":{\"@type\":\"PropertyValueSpecification\",\"valueRequired\":true,\"valueName\":\"search_term_string\"}}],\"inLanguage\":\"en-GB\"},{\"@type\":\"Organization\",\"@id\":\"https:\\\/\\\/www.mostra-mi.it\\\/#organization\",\"name\":\"Mostrami\",\"url\":\"https:\\\/\\\/www.mostra-mi.it\\\/\",\"logo\":{\"@type\":\"ImageObject\",\"inLanguage\":\"en-GB\",\"@id\":\"https:\\\/\\\/www.mostra-mi.it\\\/#\\\/schema\\\/logo\\\/image\\\/\",\"url\":\"\",\"contentUrl\":\"\",\"caption\":\"Mostrami\"},\"image\":{\"@id\":\"https:\\\/\\\/www.mostra-mi.it\\\/#\\\/schema\\\/logo\\\/image\\\/\"}},{\"@type\":\"Person\",\"@id\":\"https:\\\/\\\/www.mostra-mi.it\\\/#\\\/schema\\\/person\\\/3a91a491b86876291164cc73fdc36ad7\",\"name\":\"Andrea Valentina Colombo\",\"image\":{\"@type\":\"ImageObject\",\"inLanguage\":\"en-GB\",\"@id\":\"https:\\\/\\\/secure.gravatar.com\\\/avatar\\\/e2deead70cc8df98e4dc826bc61003126814d1b119ab30ebbfc811b2ac55a8f4?s=96&d=mm&r=g\",\"url\":\"https:\\\/\\\/secure.gravatar.com\\\/avatar\\\/e2deead70cc8df98e4dc826bc61003126814d1b119ab30ebbfc811b2ac55a8f4?s=96&d=mm&r=g\",\"contentUrl\":\"https:\\\/\\\/secure.gravatar.com\\\/avatar\\\/e2deead70cc8df98e4dc826bc61003126814d1b119ab30ebbfc811b2ac55a8f4?s=96&d=mm&r=g\",\"caption\":\"Andrea Valentina Colombo\"},\"url\":\"https:\\\/\\\/www.mostra-mi.it\\\/en\\\/author\\\/andrea-valentina-colombo\"}]}<\/script>\n<!-- \/ Yoast SEO plugin. -->","yoast_head_json":{"title":"Andrea Valentina Colombo - Mostrami","description":"Ho sempre avuto un debole per l\u2019arte. Non perch\u00e8 io lo desideri, ma semplicemente perch\u00e8 di fronte a certe opere mi capita spesso di emozionarmi.","robots":{"index":"index","follow":"follow","max-snippet":"max-snippet:-1","max-image-preview":"max-image-preview:large","max-video-preview":"max-video-preview:-1"},"canonical":"https:\/\/www.mostra-mi.it\/en\/artisti\/andrea-valentina-colombo\/","og_locale":"en_GB","og_type":"article","og_title":"Andrea Valentina Colombo - Mostrami","og_description":"Ho sempre avuto un debole per l\u2019arte. Non perch\u00e8 io lo desideri, ma semplicemente perch\u00e8 di fronte a certe opere mi capita spesso di emozionarmi.","og_url":"https:\/\/www.mostra-mi.it\/en\/artisti\/andrea-valentina-colombo\/","og_site_name":"Mostrami","article_published_time":"2013-11-06T19:28:28+00:00","article_modified_time":"2020-06-04T17:12:05+00:00","og_image":[{"width":588,"height":388,"url":"https:\/\/www.mostra-mi.it\/wp-content\/uploads\/Mostrami-giovani-artisti-evidenza-5.jpg","type":"image\/jpeg"}],"author":"Andrea Valentina Colombo","twitter_card":"summary_large_image","twitter_misc":{"Written by":"Andrea Valentina Colombo","Estimated reading time":"2 minutes"},"schema":{"@context":"https:\/\/schema.org","@graph":[{"@type":"Article","@id":"https:\/\/www.mostra-mi.it\/artisti\/andrea-valentina-colombo#article","isPartOf":{"@id":"https:\/\/www.mostra-mi.it\/artisti\/andrea-valentina-colombo"},"author":{"name":"Andrea Valentina Colombo","@id":"https:\/\/www.mostra-mi.it\/#\/schema\/person\/3a91a491b86876291164cc73fdc36ad7"},"headline":"Andrea Valentina Colombo","datePublished":"2013-11-06T19:28:28+00:00","dateModified":"2020-06-04T17:12:05+00:00","mainEntityOfPage":{"@id":"https:\/\/www.mostra-mi.it\/artisti\/andrea-valentina-colombo"},"wordCount":432,"commentCount":0,"publisher":{"@id":"https:\/\/www.mostra-mi.it\/#organization"},"image":{"@id":"https:\/\/www.mostra-mi.it\/artisti\/andrea-valentina-colombo#primaryimage"},"thumbnailUrl":"https:\/\/www.mostra-mi.it\/wp-content\/uploads\/Mostrami-giovani-artisti-evidenza-5.jpg","keywords":["arte contemporanea","giovane artista","pittore contemporaneo"],"articleSection":["Pittura","Artisti"],"inLanguage":"en-GB","potentialAction":[{"@type":"CommentAction","name":"Comment","target":["https:\/\/www.mostra-mi.it\/artisti\/andrea-valentina-colombo#respond"]}]},{"@type":"WebPage","@id":"https:\/\/www.mostra-mi.it\/artisti\/andrea-valentina-colombo","url":"https:\/\/www.mostra-mi.it\/artisti\/andrea-valentina-colombo","name":"Andrea Valentina Colombo - Mostrami","isPartOf":{"@id":"https:\/\/www.mostra-mi.it\/#website"},"primaryImageOfPage":{"@id":"https:\/\/www.mostra-mi.it\/artisti\/andrea-valentina-colombo#primaryimage"},"image":{"@id":"https:\/\/www.mostra-mi.it\/artisti\/andrea-valentina-colombo#primaryimage"},"thumbnailUrl":"https:\/\/www.mostra-mi.it\/wp-content\/uploads\/Mostrami-giovani-artisti-evidenza-5.jpg","datePublished":"2013-11-06T19:28:28+00:00","dateModified":"2020-06-04T17:12:05+00:00","description":"Ho sempre avuto un debole per l\u2019arte. Non perch\u00e8 io lo desideri, ma semplicemente perch\u00e8 di fronte a certe opere mi capita spesso di emozionarmi.","breadcrumb":{"@id":"https:\/\/www.mostra-mi.it\/artisti\/andrea-valentina-colombo#breadcrumb"},"inLanguage":"en-GB","potentialAction":[{"@type":"ReadAction","target":["https:\/\/www.mostra-mi.it\/artisti\/andrea-valentina-colombo"]}]},{"@type":"ImageObject","inLanguage":"en-GB","@id":"https:\/\/www.mostra-mi.it\/artisti\/andrea-valentina-colombo#primaryimage","url":"https:\/\/www.mostra-mi.it\/wp-content\/uploads\/Mostrami-giovani-artisti-evidenza-5.jpg","contentUrl":"https:\/\/www.mostra-mi.it\/wp-content\/uploads\/Mostrami-giovani-artisti-evidenza-5.jpg","width":588,"height":388},{"@type":"BreadcrumbList","@id":"https:\/\/www.mostra-mi.it\/artisti\/andrea-valentina-colombo#breadcrumb","itemListElement":[{"@type":"ListItem","position":1,"name":"Home","item":"https:\/\/www.mostra-mi.it\/"},{"@type":"ListItem","position":2,"name":"Andrea Valentina Colombo"}]},{"@type":"WebSite","@id":"https:\/\/www.mostra-mi.it\/#website","url":"https:\/\/www.mostra-mi.it\/","name":"Mostrami","description":"Mostrami, galleria che si propone come vetrina per giovani artisti","publisher":{"@id":"https:\/\/www.mostra-mi.it\/#organization"},"potentialAction":[{"@type":"SearchAction","target":{"@type":"EntryPoint","urlTemplate":"https:\/\/www.mostra-mi.it\/?s={search_term_string}"},"query-input":{"@type":"PropertyValueSpecification","valueRequired":true,"valueName":"search_term_string"}}],"inLanguage":"en-GB"},{"@type":"Organization","@id":"https:\/\/www.mostra-mi.it\/#organization","name":"Mostrami","url":"https:\/\/www.mostra-mi.it\/","logo":{"@type":"ImageObject","inLanguage":"en-GB","@id":"https:\/\/www.mostra-mi.it\/#\/schema\/logo\/image\/","url":"","contentUrl":"","caption":"Mostrami"},"image":{"@id":"https:\/\/www.mostra-mi.it\/#\/schema\/logo\/image\/"}},{"@type":"Person","@id":"https:\/\/www.mostra-mi.it\/#\/schema\/person\/3a91a491b86876291164cc73fdc36ad7","name":"Andrea Valentina Colombo","image":{"@type":"ImageObject","inLanguage":"en-GB","@id":"https:\/\/secure.gravatar.com\/avatar\/e2deead70cc8df98e4dc826bc61003126814d1b119ab30ebbfc811b2ac55a8f4?s=96&d=mm&r=g","url":"https:\/\/secure.gravatar.com\/avatar\/e2deead70cc8df98e4dc826bc61003126814d1b119ab30ebbfc811b2ac55a8f4?s=96&d=mm&r=g","contentUrl":"https:\/\/secure.gravatar.com\/avatar\/e2deead70cc8df98e4dc826bc61003126814d1b119ab30ebbfc811b2ac55a8f4?s=96&d=mm&r=g","caption":"Andrea Valentina Colombo"},"url":"https:\/\/www.mostra-mi.it\/en\/author\/andrea-valentina-colombo"}]}},"_links":{"self":[{"href":"https:\/\/www.mostra-mi.it\/en\/wp-json\/wp\/v2\/posts\/7592","targetHints":{"allow":["GET"]}}],"collection":[{"href":"https:\/\/www.mostra-mi.it\/en\/wp-json\/wp\/v2\/posts"}],"about":[{"href":"https:\/\/www.mostra-mi.it\/en\/wp-json\/wp\/v2\/types\/post"}],"author":[{"embeddable":true,"href":"https:\/\/www.mostra-mi.it\/en\/wp-json\/wp\/v2\/users\/346"}],"replies":[{"embeddable":true,"href":"https:\/\/www.mostra-mi.it\/en\/wp-json\/wp\/v2\/comments?post=7592"}],"version-history":[{"count":0,"href":"https:\/\/www.mostra-mi.it\/en\/wp-json\/wp\/v2\/posts\/7592\/revisions"}],"wp:featuredmedia":[{"embeddable":true,"href":"https:\/\/www.mostra-mi.it\/en\/wp-json\/wp\/v2\/media\/33151"}],"wp:attachment":[{"href":"https:\/\/www.mostra-mi.it\/en\/wp-json\/wp\/v2\/media?parent=7592"}],"wp:term":[{"taxonomy":"category","embeddable":true,"href":"https:\/\/www.mostra-mi.it\/en\/wp-json\/wp\/v2\/categories?post=7592"},{"taxonomy":"post_tag","embeddable":true,"href":"https:\/\/www.mostra-mi.it\/en\/wp-json\/wp\/v2\/tags?post=7592"}],"curies":[{"name":"wp","href":"https:\/\/api.w.org\/{rel}","templated":true}]}}