{"id":6269,"date":"2013-06-04T08:28:52","date_gmt":"2013-06-04T06:28:52","guid":{"rendered":"https:\/\/mostra-mi.it\/?p=6269"},"modified":"2020-05-30T16:08:11","modified_gmt":"2020-05-30T14:08:11","slug":"pittura-intervista-a-davide-ratti","status":"publish","type":"post","link":"https:\/\/www.mostra-mi.it\/en\/mostre-dei-nostri-artisti\/pittura-intervista-a-davide-ratti","title":{"rendered":"Pittura &#8211; Intervista a Davide Ratti"},"content":{"rendered":"<p><!--:it--><em>Un giovane artista che ha a cuore importanti temi sociali, Davide Ratti.<br \/>\nHa partecipato con successo a Mostrami 4 e continua a seguirci per i nostri eventi e i nostri progetti&#8230;&#8230;conosciamolo meglio&#8230;.<\/em><\/p>\n<p>Se dovessimo presentarti come artista in 3 parole di te dovremmo dire\u2026\u2026<br \/>\n<strong>_ divertente _ critico _ interessante <\/strong><\/p>\n<p><a href=\"https:\/\/mostra-mi.it\/wp-content\/uploads\/2013\/06\/Pittura-Davide-Ratti.jpg\"><img decoding=\"async\" class=\"aligncenter size-medium wp-image-6270 lazyload\" title=\"Pittura Davide Ratti\" data-src=\"https:\/\/mostra-mi.it\/wp-content\/uploads\/2013\/06\/Pittura-Davide-Ratti-300x216.jpg\" alt=\"\" width=\"300\" height=\"216\" data-srcset=\"https:\/\/www.mostra-mi.it\/wp-content\/uploads\/2013\/06\/Pittura-Davide-Ratti-300x216.jpg 300w, https:\/\/www.mostra-mi.it\/wp-content\/uploads\/2013\/06\/Pittura-Davide-Ratti-600x433.jpg 600w, https:\/\/www.mostra-mi.it\/wp-content\/uploads\/2013\/06\/Pittura-Davide-Ratti.jpg 786w\" data-sizes=\"(max-width: 300px) 100vw, 300px\" src=\"data:image\/svg+xml;base64,PHN2ZyB3aWR0aD0iMSIgaGVpZ2h0PSIxIiB4bWxucz0iaHR0cDovL3d3dy53My5vcmcvMjAwMC9zdmciPjwvc3ZnPg==\" style=\"--smush-placeholder-width: 300px; --smush-placeholder-aspect-ratio: 300\/216;\" \/><\/a><\/p>\n<p>Qual \u00e8 la tua tecnica? Spiegacela bene&#8230;<br \/>\n<strong>pittura, tecnica mista. ho due ricerche all&#8217;attivo ora, una pi\u00f9 classica e figurativa dedicata al mondo della musica, l&#8217;altra \u00e8 un cocktail di linguaggi che vanno da Hertfiel fino a Mondrian e Pollock con l&#8217;irriverenza di Gee Vaucer, in somma dei quadratoni rossi e blu, uno schizzo di colore verde-giallo-bianco-nero ed un sacco di stampe plotter che raccontano un accadimento <\/strong><\/p>\n<p>Qual \u00e8 il tuo colore pi\u00f9 espressivo? <strong>il nero , lo so ma mi fa felice ! <\/strong><\/p>\n<p>Cosa ti manda al galoppo le sinapsi? ossia cosa ti stimola creativamente? <strong>il continuo contatto con il mondo dell&#8217;arte , per me \u00e8 sempre poco , ma anche e sopratutto le questioni sociali e politiche<\/strong><\/p>\n<p>Un tuo soggetto ricorrente? <strong>le mani , la citt\u00e0 <\/strong><\/p>\n<p><a href=\"https:\/\/mostra-mi.it\/wp-content\/uploads\/2013\/06\/Pittura-Davide-Ratti1.jpg\"><img decoding=\"async\" class=\"aligncenter size-medium wp-image-6271 lazyload\" title=\"Pittura - Davide Ratti\" data-src=\"https:\/\/mostra-mi.it\/wp-content\/uploads\/2013\/06\/Pittura-Davide-Ratti1-300x202.jpg\" alt=\"\" width=\"300\" height=\"202\" data-srcset=\"https:\/\/www.mostra-mi.it\/wp-content\/uploads\/2013\/06\/Pittura-Davide-Ratti1-300x202.jpg 300w, https:\/\/www.mostra-mi.it\/wp-content\/uploads\/2013\/06\/Pittura-Davide-Ratti1-600x404.jpg 600w, https:\/\/www.mostra-mi.it\/wp-content\/uploads\/2013\/06\/Pittura-Davide-Ratti1.jpg 799w\" data-sizes=\"(max-width: 300px) 100vw, 300px\" src=\"data:image\/svg+xml;base64,PHN2ZyB3aWR0aD0iMSIgaGVpZ2h0PSIxIiB4bWxucz0iaHR0cDovL3d3dy53My5vcmcvMjAwMC9zdmciPjwvc3ZnPg==\" style=\"--smush-placeholder-width: 300px; --smush-placeholder-aspect-ratio: 300\/202;\" \/><\/a><\/p>\n<p>C\u2019\u00e8 un luogo in particolare in cui ami lavorare? <strong>in laboratorio <\/strong><\/p>\n<p>Il quadro altrui che preferisci? <strong>non \u00e8 un quadro \u00e8 il papa colpito da un meteorite <\/strong> (nda: Cattelan)<\/p>\n<p>Il tuo artista di riferimento? <strong>ce ne sono troppi <\/strong><\/p>\n<p>Una curiosit\u00e0 sul tuo lavoro? <strong>sporco dappertutto ed i miei soci di laboratorio si inc&#8230;.no ma poi capiscono! Devo sempre chiedere la qualit\u00e0 peggiore di stampa in copisteria perch\u00e8 \u00e8 l&#8217;unica che resiste all&#8217;acqua ed alla luce , gli stampatori non capiscono perch\u00e8 dovrei volere una stampa vecchio stile , a laser per intenderci, quando ci sono le stampanti nuove&#8230;.<\/strong><\/p>\n<p>Una curiosit\u00e0 ancora pi\u00f9 curiosit\u00e0 su di te, sul tuo lavoro, su cosa ti piace? <strong>dipingere e suonare <\/strong><\/p>\n<p><a href=\"https:\/\/mostra-mi.it\/wp-content\/uploads\/2013\/06\/Pittura-Davide-Ratti-2.jpg\"><img decoding=\"async\" class=\"aligncenter size-medium wp-image-6272 lazyload\" title=\"Pittura Davide Ratti (2)\" data-src=\"https:\/\/mostra-mi.it\/wp-content\/uploads\/2013\/06\/Pittura-Davide-Ratti-2-188x300.jpg\" alt=\"\" width=\"188\" height=\"300\" data-srcset=\"https:\/\/www.mostra-mi.it\/wp-content\/uploads\/2013\/06\/Pittura-Davide-Ratti-2-188x300.jpg 188w, https:\/\/www.mostra-mi.it\/wp-content\/uploads\/2013\/06\/Pittura-Davide-Ratti-2.jpg 541w\" data-sizes=\"(max-width: 188px) 100vw, 188px\" src=\"data:image\/svg+xml;base64,PHN2ZyB3aWR0aD0iMSIgaGVpZ2h0PSIxIiB4bWxucz0iaHR0cDovL3d3dy53My5vcmcvMjAwMC9zdmciPjwvc3ZnPg==\" style=\"--smush-placeholder-width: 188px; --smush-placeholder-aspect-ratio: 188\/300;\" \/><\/a><\/p>\n<p>Una domanda che non ti abbiamo fatto e che avresti voluto trovare in questa intervista<br \/>\n<strong>cosa significano i tuoi lavori ? <\/strong><\/p>\n<p>Se dovessi presentare Mostrami in 3 parole diresti\u2026\u2026.<br \/>\n<strong>dinamico esilarante produttivo <\/strong><\/p>\n<p>Com\u2019\u00e8 stata la tua recente esperienza in Mostrami?<br \/>\n<strong>molto positiva, anche se dapprima il fatto che dovessimo indossare delle magliette tutti uguali un po&#8217; mi aveva inquietato ma mi sono adeguato e mi sono divertito&#8230;.poi ho capito che era l&#8217;unico modo per rendere pi\u00f9 riconoscibili gli artisti in mezzo alle centinaia di visitatori <\/strong><\/p>\n<p>C&#8217;\u00e8 qualcosa che ancora non ci hai detto? di cosa ti stai occupando oggi? qualche concorso? <strong>si sto partecipando a questo concorso prodotto dalla galleria il melograno di livorno , questo il link http:\/\/concorsiarte.it\/davide-ratzo-ratti-bagdat\/ poi sto seguendo a roma un corso per conto di una piattaforma culturale dedicata all&#8217;arte contemporanea<\/strong><\/p>\n<p>Dove vendi e dove si possono comprare le tue creazioni? galleria? on line?<br \/>\n<strong>on line al mio sito , potete contattarmi da li http:\/\/www.ratzo.it\/ oppure da &#8220;Immaginaria&#8221; un negozio\/galleria in via De Amicis angolo corso di Porta Ticinese a Milano .<br \/>\n<\/strong><\/p>\n<p>Dacci qualche riferimento per chi volesse comprarle per se o per fare un regalo&#8230;..<br \/>\n<strong>fatto fatto , trovi tutto qui sopra , poi c&#8217;\u00e8 un certo andrea arban che si sta occupando di venderle in emilia romagna questo autunno , fra aste di beneficenza e altre situazioni simili, poi ovviamente alla prossima edizione di mostrami alla quale partecipo! <\/strong><\/p>\n<p>Giusto per concludere, qui il <a href=\"https:\/\/www.mostra-mi.it\/en\/?p=2047\">tuo profilo<\/a> e qui altre news e foto della <a href=\"https:\/\/www.mostra-mi.it\/en\/?page_id=3523\">4\u00b0 edizione di Mostram<\/a>i!<br \/>\nGrazie Davide, a breve escono le news sul prossimo progetto di Mostrami&#8230;. cercheremo la massima commistione e se hai qualche amico street artist digli di candidarsi!<\/p>\n<p><!--:--><\/p>","protected":false},"excerpt":{"rendered":"<p>Un giovane artista che ha a cuore importanti temi sociali, Davide Ratti. Ha partecipato con successo a Mostrami 4 e continua a seguirci per i nostri eventi e i nostri progetti&#8230;&#8230;conosciamolo meglio&#8230;. Se dovessimo presentarti come artista in 3 parole&#8230;<\/p>","protected":false},"author":1126,"featured_media":33453,"comment_status":"open","ping_status":"closed","sticky":false,"template":"","format":"standard","meta":{"footnotes":""},"categories":[520],"tags":[159,765,1089],"class_list":["post-6269","post","type-post","status-publish","format-standard","has-post-thumbnail","hentry","category-mostre-dei-nostri-artisti","tag-arte-contemporanea","tag-giovani-artisti","tag-giovane-arte"],"yoast_head":"<!-- This site is optimized with the Yoast SEO plugin v27.4 - https:\/\/yoast.com\/product\/yoast-seo-wordpress\/ -->\n<title>Pittura - Intervista a Davide Ratti - Mostrami<\/title>\n<meta name=\"robots\" content=\"index, follow, max-snippet:-1, max-image-preview:large, max-video-preview:-1\" \/>\n<link rel=\"canonical\" href=\"https:\/\/www.mostra-mi.it\/en\/mostre-dei-nostri-artisti\/pittura-intervista-a-davide-ratti\/\" \/>\n<meta property=\"og:locale\" content=\"en_GB\" \/>\n<meta property=\"og:type\" content=\"article\" \/>\n<meta property=\"og:title\" content=\"Pittura - Intervista a Davide Ratti - Mostrami\" \/>\n<meta property=\"og:description\" content=\"Un giovane artista che ha a cuore importanti temi sociali, Davide Ratti. Ha partecipato con successo a Mostrami 4 e continua a seguirci per i nostri eventi e i nostri progetti&#8230;&#8230;conosciamolo meglio&#8230;. Se dovessimo presentarti come artista in 3 parole...\" \/>\n<meta property=\"og:url\" content=\"https:\/\/www.mostra-mi.it\/en\/mostre-dei-nostri-artisti\/pittura-intervista-a-davide-ratti\/\" \/>\n<meta property=\"og:site_name\" content=\"Mostrami\" \/>\n<meta property=\"article:published_time\" content=\"2013-06-04T06:28:52+00:00\" \/>\n<meta property=\"article:modified_time\" content=\"2020-05-30T14:08:11+00:00\" \/>\n<meta property=\"og:image\" content=\"https:\/\/www.mostra-mi.it\/wp-content\/uploads\/mostrami-arte-giovane-italia-2.jpg\" \/>\n\t<meta property=\"og:image:width\" content=\"588\" \/>\n\t<meta property=\"og:image:height\" content=\"388\" \/>\n\t<meta property=\"og:image:type\" content=\"image\/jpeg\" \/>\n<meta name=\"author\" content=\"segreteria\" \/>\n<meta name=\"twitter:card\" content=\"summary_large_image\" \/>\n<meta name=\"twitter:label1\" content=\"Written by\" \/>\n\t<meta name=\"twitter:data1\" content=\"segreteria\" \/>\n\t<meta name=\"twitter:label2\" content=\"Estimated reading time\" \/>\n\t<meta name=\"twitter:data2\" content=\"3 minutes\" \/>\n<script type=\"application\/ld+json\" class=\"yoast-schema-graph\">{\"@context\":\"https:\\\/\\\/schema.org\",\"@graph\":[{\"@type\":\"Article\",\"@id\":\"https:\\\/\\\/www.mostra-mi.it\\\/mostre-dei-nostri-artisti\\\/pittura-intervista-a-davide-ratti#article\",\"isPartOf\":{\"@id\":\"https:\\\/\\\/www.mostra-mi.it\\\/mostre-dei-nostri-artisti\\\/pittura-intervista-a-davide-ratti\"},\"author\":{\"name\":\"segreteria\",\"@id\":\"https:\\\/\\\/www.mostra-mi.it\\\/#\\\/schema\\\/person\\\/188b208ca5b08b2903c157fe397fb5a7\"},\"headline\":\"Pittura &#8211; Intervista a Davide Ratti\",\"datePublished\":\"2013-06-04T06:28:52+00:00\",\"dateModified\":\"2020-05-30T14:08:11+00:00\",\"mainEntityOfPage\":{\"@id\":\"https:\\\/\\\/www.mostra-mi.it\\\/mostre-dei-nostri-artisti\\\/pittura-intervista-a-davide-ratti\"},\"wordCount\":568,\"commentCount\":0,\"publisher\":{\"@id\":\"https:\\\/\\\/www.mostra-mi.it\\\/#organization\"},\"image\":{\"@id\":\"https:\\\/\\\/www.mostra-mi.it\\\/mostre-dei-nostri-artisti\\\/pittura-intervista-a-davide-ratti#primaryimage\"},\"thumbnailUrl\":\"https:\\\/\\\/www.mostra-mi.it\\\/wp-content\\\/uploads\\\/mostrami-arte-giovane-italia-2.jpg\",\"keywords\":[\"arte contemporanea\",\"giovani artisti\",\"giovane arte\"],\"articleSection\":[\"Mostre dei nostri artisti\"],\"inLanguage\":\"en-GB\",\"potentialAction\":[{\"@type\":\"CommentAction\",\"name\":\"Comment\",\"target\":[\"https:\\\/\\\/www.mostra-mi.it\\\/mostre-dei-nostri-artisti\\\/pittura-intervista-a-davide-ratti#respond\"]}]},{\"@type\":\"WebPage\",\"@id\":\"https:\\\/\\\/www.mostra-mi.it\\\/mostre-dei-nostri-artisti\\\/pittura-intervista-a-davide-ratti\",\"url\":\"https:\\\/\\\/www.mostra-mi.it\\\/mostre-dei-nostri-artisti\\\/pittura-intervista-a-davide-ratti\",\"name\":\"Pittura - Intervista a Davide Ratti - Mostrami\",\"isPartOf\":{\"@id\":\"https:\\\/\\\/www.mostra-mi.it\\\/#website\"},\"primaryImageOfPage\":{\"@id\":\"https:\\\/\\\/www.mostra-mi.it\\\/mostre-dei-nostri-artisti\\\/pittura-intervista-a-davide-ratti#primaryimage\"},\"image\":{\"@id\":\"https:\\\/\\\/www.mostra-mi.it\\\/mostre-dei-nostri-artisti\\\/pittura-intervista-a-davide-ratti#primaryimage\"},\"thumbnailUrl\":\"https:\\\/\\\/www.mostra-mi.it\\\/wp-content\\\/uploads\\\/mostrami-arte-giovane-italia-2.jpg\",\"datePublished\":\"2013-06-04T06:28:52+00:00\",\"dateModified\":\"2020-05-30T14:08:11+00:00\",\"breadcrumb\":{\"@id\":\"https:\\\/\\\/www.mostra-mi.it\\\/mostre-dei-nostri-artisti\\\/pittura-intervista-a-davide-ratti#breadcrumb\"},\"inLanguage\":\"en-GB\",\"potentialAction\":[{\"@type\":\"ReadAction\",\"target\":[\"https:\\\/\\\/www.mostra-mi.it\\\/mostre-dei-nostri-artisti\\\/pittura-intervista-a-davide-ratti\"]}]},{\"@type\":\"ImageObject\",\"inLanguage\":\"en-GB\",\"@id\":\"https:\\\/\\\/www.mostra-mi.it\\\/mostre-dei-nostri-artisti\\\/pittura-intervista-a-davide-ratti#primaryimage\",\"url\":\"https:\\\/\\\/www.mostra-mi.it\\\/wp-content\\\/uploads\\\/mostrami-arte-giovane-italia-2.jpg\",\"contentUrl\":\"https:\\\/\\\/www.mostra-mi.it\\\/wp-content\\\/uploads\\\/mostrami-arte-giovane-italia-2.jpg\",\"width\":588,\"height\":388},{\"@type\":\"BreadcrumbList\",\"@id\":\"https:\\\/\\\/www.mostra-mi.it\\\/mostre-dei-nostri-artisti\\\/pittura-intervista-a-davide-ratti#breadcrumb\",\"itemListElement\":[{\"@type\":\"ListItem\",\"position\":1,\"name\":\"Home\",\"item\":\"https:\\\/\\\/www.mostra-mi.it\\\/\"},{\"@type\":\"ListItem\",\"position\":2,\"name\":\"Pittura &#8211; Intervista a Davide Ratti\"}]},{\"@type\":\"WebSite\",\"@id\":\"https:\\\/\\\/www.mostra-mi.it\\\/#website\",\"url\":\"https:\\\/\\\/www.mostra-mi.it\\\/\",\"name\":\"Mostrami\",\"description\":\"Mostrami, galleria che si propone come vetrina per giovani artisti\",\"publisher\":{\"@id\":\"https:\\\/\\\/www.mostra-mi.it\\\/#organization\"},\"potentialAction\":[{\"@type\":\"SearchAction\",\"target\":{\"@type\":\"EntryPoint\",\"urlTemplate\":\"https:\\\/\\\/www.mostra-mi.it\\\/?s={search_term_string}\"},\"query-input\":{\"@type\":\"PropertyValueSpecification\",\"valueRequired\":true,\"valueName\":\"search_term_string\"}}],\"inLanguage\":\"en-GB\"},{\"@type\":\"Organization\",\"@id\":\"https:\\\/\\\/www.mostra-mi.it\\\/#organization\",\"name\":\"Mostrami\",\"url\":\"https:\\\/\\\/www.mostra-mi.it\\\/\",\"logo\":{\"@type\":\"ImageObject\",\"inLanguage\":\"en-GB\",\"@id\":\"https:\\\/\\\/www.mostra-mi.it\\\/#\\\/schema\\\/logo\\\/image\\\/\",\"url\":\"\",\"contentUrl\":\"\",\"caption\":\"Mostrami\"},\"image\":{\"@id\":\"https:\\\/\\\/www.mostra-mi.it\\\/#\\\/schema\\\/logo\\\/image\\\/\"}},{\"@type\":\"Person\",\"@id\":\"https:\\\/\\\/www.mostra-mi.it\\\/#\\\/schema\\\/person\\\/188b208ca5b08b2903c157fe397fb5a7\",\"name\":\"segreteria\",\"image\":{\"@type\":\"ImageObject\",\"inLanguage\":\"en-GB\",\"@id\":\"https:\\\/\\\/secure.gravatar.com\\\/avatar\\\/0822c4ed3a0b5a5c6476387e5d35553e625e39de05f99a140965c1a5d5839d12?s=96&d=mm&r=g\",\"url\":\"https:\\\/\\\/secure.gravatar.com\\\/avatar\\\/0822c4ed3a0b5a5c6476387e5d35553e625e39de05f99a140965c1a5d5839d12?s=96&d=mm&r=g\",\"contentUrl\":\"https:\\\/\\\/secure.gravatar.com\\\/avatar\\\/0822c4ed3a0b5a5c6476387e5d35553e625e39de05f99a140965c1a5d5839d12?s=96&d=mm&r=g\",\"caption\":\"segreteria\"},\"url\":\"https:\\\/\\\/www.mostra-mi.it\\\/en\\\/author\\\/segreteria\"}]}<\/script>\n<!-- \/ Yoast SEO plugin. -->","yoast_head_json":{"title":"Pittura - Intervista a Davide Ratti - Mostrami","robots":{"index":"index","follow":"follow","max-snippet":"max-snippet:-1","max-image-preview":"max-image-preview:large","max-video-preview":"max-video-preview:-1"},"canonical":"https:\/\/www.mostra-mi.it\/en\/mostre-dei-nostri-artisti\/pittura-intervista-a-davide-ratti\/","og_locale":"en_GB","og_type":"article","og_title":"Pittura - Intervista a Davide Ratti - Mostrami","og_description":"Un giovane artista che ha a cuore importanti temi sociali, Davide Ratti. Ha partecipato con successo a Mostrami 4 e continua a seguirci per i nostri eventi e i nostri progetti&#8230;&#8230;conosciamolo meglio&#8230;. Se dovessimo presentarti come artista in 3 parole...","og_url":"https:\/\/www.mostra-mi.it\/en\/mostre-dei-nostri-artisti\/pittura-intervista-a-davide-ratti\/","og_site_name":"Mostrami","article_published_time":"2013-06-04T06:28:52+00:00","article_modified_time":"2020-05-30T14:08:11+00:00","og_image":[{"width":588,"height":388,"url":"https:\/\/www.mostra-mi.it\/wp-content\/uploads\/mostrami-arte-giovane-italia-2.jpg","type":"image\/jpeg"}],"author":"segreteria","twitter_card":"summary_large_image","twitter_misc":{"Written by":"segreteria","Estimated reading time":"3 minutes"},"schema":{"@context":"https:\/\/schema.org","@graph":[{"@type":"Article","@id":"https:\/\/www.mostra-mi.it\/mostre-dei-nostri-artisti\/pittura-intervista-a-davide-ratti#article","isPartOf":{"@id":"https:\/\/www.mostra-mi.it\/mostre-dei-nostri-artisti\/pittura-intervista-a-davide-ratti"},"author":{"name":"segreteria","@id":"https:\/\/www.mostra-mi.it\/#\/schema\/person\/188b208ca5b08b2903c157fe397fb5a7"},"headline":"Pittura &#8211; Intervista a Davide Ratti","datePublished":"2013-06-04T06:28:52+00:00","dateModified":"2020-05-30T14:08:11+00:00","mainEntityOfPage":{"@id":"https:\/\/www.mostra-mi.it\/mostre-dei-nostri-artisti\/pittura-intervista-a-davide-ratti"},"wordCount":568,"commentCount":0,"publisher":{"@id":"https:\/\/www.mostra-mi.it\/#organization"},"image":{"@id":"https:\/\/www.mostra-mi.it\/mostre-dei-nostri-artisti\/pittura-intervista-a-davide-ratti#primaryimage"},"thumbnailUrl":"https:\/\/www.mostra-mi.it\/wp-content\/uploads\/mostrami-arte-giovane-italia-2.jpg","keywords":["arte contemporanea","giovani artisti","giovane arte"],"articleSection":["Mostre dei nostri artisti"],"inLanguage":"en-GB","potentialAction":[{"@type":"CommentAction","name":"Comment","target":["https:\/\/www.mostra-mi.it\/mostre-dei-nostri-artisti\/pittura-intervista-a-davide-ratti#respond"]}]},{"@type":"WebPage","@id":"https:\/\/www.mostra-mi.it\/mostre-dei-nostri-artisti\/pittura-intervista-a-davide-ratti","url":"https:\/\/www.mostra-mi.it\/mostre-dei-nostri-artisti\/pittura-intervista-a-davide-ratti","name":"Pittura - Intervista a Davide Ratti - Mostrami","isPartOf":{"@id":"https:\/\/www.mostra-mi.it\/#website"},"primaryImageOfPage":{"@id":"https:\/\/www.mostra-mi.it\/mostre-dei-nostri-artisti\/pittura-intervista-a-davide-ratti#primaryimage"},"image":{"@id":"https:\/\/www.mostra-mi.it\/mostre-dei-nostri-artisti\/pittura-intervista-a-davide-ratti#primaryimage"},"thumbnailUrl":"https:\/\/www.mostra-mi.it\/wp-content\/uploads\/mostrami-arte-giovane-italia-2.jpg","datePublished":"2013-06-04T06:28:52+00:00","dateModified":"2020-05-30T14:08:11+00:00","breadcrumb":{"@id":"https:\/\/www.mostra-mi.it\/mostre-dei-nostri-artisti\/pittura-intervista-a-davide-ratti#breadcrumb"},"inLanguage":"en-GB","potentialAction":[{"@type":"ReadAction","target":["https:\/\/www.mostra-mi.it\/mostre-dei-nostri-artisti\/pittura-intervista-a-davide-ratti"]}]},{"@type":"ImageObject","inLanguage":"en-GB","@id":"https:\/\/www.mostra-mi.it\/mostre-dei-nostri-artisti\/pittura-intervista-a-davide-ratti#primaryimage","url":"https:\/\/www.mostra-mi.it\/wp-content\/uploads\/mostrami-arte-giovane-italia-2.jpg","contentUrl":"https:\/\/www.mostra-mi.it\/wp-content\/uploads\/mostrami-arte-giovane-italia-2.jpg","width":588,"height":388},{"@type":"BreadcrumbList","@id":"https:\/\/www.mostra-mi.it\/mostre-dei-nostri-artisti\/pittura-intervista-a-davide-ratti#breadcrumb","itemListElement":[{"@type":"ListItem","position":1,"name":"Home","item":"https:\/\/www.mostra-mi.it\/"},{"@type":"ListItem","position":2,"name":"Pittura &#8211; Intervista a Davide Ratti"}]},{"@type":"WebSite","@id":"https:\/\/www.mostra-mi.it\/#website","url":"https:\/\/www.mostra-mi.it\/","name":"Mostrami","description":"Mostrami, galleria che si propone come vetrina per giovani artisti","publisher":{"@id":"https:\/\/www.mostra-mi.it\/#organization"},"potentialAction":[{"@type":"SearchAction","target":{"@type":"EntryPoint","urlTemplate":"https:\/\/www.mostra-mi.it\/?s={search_term_string}"},"query-input":{"@type":"PropertyValueSpecification","valueRequired":true,"valueName":"search_term_string"}}],"inLanguage":"en-GB"},{"@type":"Organization","@id":"https:\/\/www.mostra-mi.it\/#organization","name":"Mostrami","url":"https:\/\/www.mostra-mi.it\/","logo":{"@type":"ImageObject","inLanguage":"en-GB","@id":"https:\/\/www.mostra-mi.it\/#\/schema\/logo\/image\/","url":"","contentUrl":"","caption":"Mostrami"},"image":{"@id":"https:\/\/www.mostra-mi.it\/#\/schema\/logo\/image\/"}},{"@type":"Person","@id":"https:\/\/www.mostra-mi.it\/#\/schema\/person\/188b208ca5b08b2903c157fe397fb5a7","name":"segreteria","image":{"@type":"ImageObject","inLanguage":"en-GB","@id":"https:\/\/secure.gravatar.com\/avatar\/0822c4ed3a0b5a5c6476387e5d35553e625e39de05f99a140965c1a5d5839d12?s=96&d=mm&r=g","url":"https:\/\/secure.gravatar.com\/avatar\/0822c4ed3a0b5a5c6476387e5d35553e625e39de05f99a140965c1a5d5839d12?s=96&d=mm&r=g","contentUrl":"https:\/\/secure.gravatar.com\/avatar\/0822c4ed3a0b5a5c6476387e5d35553e625e39de05f99a140965c1a5d5839d12?s=96&d=mm&r=g","caption":"segreteria"},"url":"https:\/\/www.mostra-mi.it\/en\/author\/segreteria"}]}},"_links":{"self":[{"href":"https:\/\/www.mostra-mi.it\/en\/wp-json\/wp\/v2\/posts\/6269","targetHints":{"allow":["GET"]}}],"collection":[{"href":"https:\/\/www.mostra-mi.it\/en\/wp-json\/wp\/v2\/posts"}],"about":[{"href":"https:\/\/www.mostra-mi.it\/en\/wp-json\/wp\/v2\/types\/post"}],"author":[{"embeddable":true,"href":"https:\/\/www.mostra-mi.it\/en\/wp-json\/wp\/v2\/users\/1126"}],"replies":[{"embeddable":true,"href":"https:\/\/www.mostra-mi.it\/en\/wp-json\/wp\/v2\/comments?post=6269"}],"version-history":[{"count":0,"href":"https:\/\/www.mostra-mi.it\/en\/wp-json\/wp\/v2\/posts\/6269\/revisions"}],"wp:featuredmedia":[{"embeddable":true,"href":"https:\/\/www.mostra-mi.it\/en\/wp-json\/wp\/v2\/media\/33453"}],"wp:attachment":[{"href":"https:\/\/www.mostra-mi.it\/en\/wp-json\/wp\/v2\/media?parent=6269"}],"wp:term":[{"taxonomy":"category","embeddable":true,"href":"https:\/\/www.mostra-mi.it\/en\/wp-json\/wp\/v2\/categories?post=6269"},{"taxonomy":"post_tag","embeddable":true,"href":"https:\/\/www.mostra-mi.it\/en\/wp-json\/wp\/v2\/tags?post=6269"}],"curies":[{"name":"wp","href":"https:\/\/api.w.org\/{rel}","templated":true}]}}