{"id":47574,"date":"2026-04-25T10:28:49","date_gmt":"2026-04-25T08:28:49","guid":{"rendered":"https:\/\/www.mostra-mi.it\/?p=47574"},"modified":"2026-04-27T16:53:05","modified_gmt":"2026-04-27T14:53:05","slug":"location-e-centri-socio-culturali-super-cool-a-milano","status":"publish","type":"post","link":"https:\/\/www.mostra-mi.it\/en\/news\/location-e-centri-socio-culturali-super-cool-a-milano","title":{"rendered":"Location e centri socio culturali super cool a Milano"},"content":{"rendered":"<div class=\"wpb-content-wrapper\"><div class=\"vc_row wpb_row vc_row-fluid container\"><div class=\"wpb_column vc_column_container vc_col-sm-12\"><div class=\"vc_column-inner\"><div class=\"wpb_wrapper\">\n\t<div class=\"wpb_text_column wpb_content_element\" >\n\t\t<div class=\"wpb_wrapper\">\n\t\t\t<h1><strong><span style=\"color: #ff9900;\">Milano non \u00e8 pi\u00f9 solo la citt\u00e0 della moda e del design: \u00e8 una citt\u00e0 che si racconta attraverso immagini, video e contenuti digitali. Ogni quartiere, ogni vicolo e ogni locale possono trasformarsi in scenari narrativi, capaci di raccontare non solo uno stile, ma una vera e propria identit\u00e0 urbana. I social network hanno cambiato il modo di vivere la citt\u00e0: non basta pi\u00f9 che un locale sia bello, elegante o instagrammabile. Oggi un luogo diventa iconico quando \u00e8 raccontabile, quando genera storie e connessioni, quando le persone si sentono parte di un\u2019esperienza da condividere.<\/span><\/strong><\/h1>\n<p>&nbsp;<\/p>\n<p><span style=\"font-weight: 400;\">Da cortili nascosti e spazi culturali a caff\u00e8 iconici e cascine urbane, Milano offre un ventaglio di luoghi che non si limitano a essere visitati, ma che diventano parte integrante della vita digitale della citt\u00e0. Qui convivono cultura, arte, socialit\u00e0 e design: elementi che rendono ogni visita un\u2019occasione di scoperta, scambio e narrazione.<\/span><\/p>\n<p><span style=\"font-weight: 400;\">In questo articolo esploreremo <strong>i luoghi pi\u00f9 iconici della Milano social<\/strong>. Questi luoghi non sono solo punti di interesse turistico: sono spazi in cui Milano si scrive e si racconta un post alla volta, dove ogni incontro, ogni evento e ogni esperienza diventa parte di una narrazione pi\u00f9 ampia, che intreccia arte, design, cultura e vita quotidiana. Seguiteci in questo viaggio attraverso la citt\u00e0 dei racconti visivi, dove ogni luogo ha la sua storia e ogni storia pu\u00f2 essere condivisa.<\/span><\/p>\n<p><br style=\"font-weight: 400;\" \/><br style=\"font-weight: 400;\" \/><\/p>\n\n\t\t<\/div>\n\t<\/div>\n\n\t<div class=\"wpb_text_column wpb_content_element\" >\n\t\t<div class=\"wpb_wrapper\">\n\t\t\t<p><iframe data-src=\"https:\/\/www.google.com\/maps\/d\/embed?mid=1tifI8UKfJ-nssC8ioyfdNmmefMK2Pwc&amp;ehbc=2E312F\" width=\"640\" height=\"480\" src=\"data:image\/svg+xml;base64,PHN2ZyB3aWR0aD0iMSIgaGVpZ2h0PSIxIiB4bWxucz0iaHR0cDovL3d3dy53My5vcmcvMjAwMC9zdmciPjwvc3ZnPg==\" class=\"lazyload\" data-load-mode=\"1\"><\/iframe><\/p>\n\n\t\t<\/div>\n\t<\/div>\n<\/div><\/div><\/div><\/div><div class=\"vc_row wpb_row vc_row-fluid container\"><div class=\"wpb_column vc_column_container vc_col-sm-12\"><div class=\"vc_column-inner\"><div class=\"wpb_wrapper\">\n\t<div class=\"wpb_text_column wpb_content_element\" >\n\t\t<div class=\"wpb_wrapper\">\n\t\t\t<h2><strong><span style=\"color: #ff9900;\">Spazio culturale indipendente e hub creativo: <\/span><span style=\"color: #ff9900;\">Scomodo Milano<\/span><\/strong><\/h2>\n<p><span style=\"font-weight: 400;\"><em>Scomodo Milano<\/em> \u00e8 uno spazio che incarna la dimensione della<strong> cultura urbana partecipata<\/strong>. Nato come redazione culturale, \u00e8 rapidamente diventato un nodo dinamico di produzione di contenuti, idee e connessioni. Qui editoria indipendente, eventi, workshop e incontri si intrecciano con la quotidianit\u00e0 delle persone che lo frequentano, costruendo un flusso narrativo che si propaga ben oltre le sue mura.<\/span><\/p>\n<p><span style=\"font-weight: 400;\">Il fascino di <em>Scomodo<\/em> non risiede nella forma perfetta dell\u2019estetica, ma nella qualit\u00e0 delle relazioni che genera: conversazioni, scambi, sguardi. \u00c8 uno spazio dove ogni evento pu\u00f2 essere raccontato, condiviso e trasformato in immagine digitale, rendendo visibile una Milano che pensa, riflette e partecipa.<\/span><\/p>\n<h2><strong><span style=\"color: #ff9900;\"><img decoding=\"async\" class=\"size-full wp-image-47633 aligncenter lazyload\" data-src=\"https:\/\/www.mostra-mi.it\/wp-content\/uploads\/Posti-social_culturali-a-Milano-Scomodo-Milano.jpg\" alt=\"Posti social culturali a Milano\" width=\"600\" height=\"330\" data-srcset=\"https:\/\/www.mostra-mi.it\/wp-content\/uploads\/Posti-social_culturali-a-Milano-Scomodo-Milano.jpg 600w, https:\/\/www.mostra-mi.it\/wp-content\/uploads\/Posti-social_culturali-a-Milano-Scomodo-Milano-300x165.jpg 300w, https:\/\/www.mostra-mi.it\/wp-content\/uploads\/Posti-social_culturali-a-Milano-Scomodo-Milano-18x10.jpg 18w\" data-sizes=\"(max-width: 600px) 100vw, 600px\" src=\"data:image\/svg+xml;base64,PHN2ZyB3aWR0aD0iMSIgaGVpZ2h0PSIxIiB4bWxucz0iaHR0cDovL3d3dy53My5vcmcvMjAwMC9zdmciPjwvc3ZnPg==\" style=\"--smush-placeholder-width: 600px; --smush-placeholder-aspect-ratio: 600\/330;\" \/><\/span><\/strong><\/h2>\n<h2><strong><span style=\"color: #ff9900;\">Mare Culturale Urbano:\u00a0<\/span><span style=\"color: #ff9900;\">S<\/span><span style=\"color: #ff9900;\">pazio culturale e centro di socialit\u00e0 creativa<\/span><\/strong><\/h2>\n<p><span style=\"font-weight: 400;\"><em>Mare Culturale Urbano<\/em> \u00e8 un caso emblematico di come un luogo possa coniugare<strong> rigenerazione urbana, cultura e partecipazione sociale<\/strong>. Situato nella zona ovest di Milano, <em>Mare Culturale Urbano<\/em> non \u00e8 un semplice spazio di eventi: \u00e8 una comunit\u00e0 in azione, un luogo dove cinema, musica, performance e momenti conviviali si intrecciano con la dimensione quotidiana della citt\u00e0.<\/span><\/p>\n<p><span style=\"font-weight: 400;\">La sua identit\u00e0 nasce dal rapporto tra persone e luogo. Un concerto al tramonto, una proiezione sotto le stelle o una serata di dialoghi aperti diventano narrazioni condivise, capaci di catturare l\u2019immaginario collettivo e di trasformarsi in contenuti digitali ricchi di <\/span><span style=\"font-weight: 400;\">senso. <em>Mare Culturale Urbano<\/em> \u00e8 una delle emergenze pi\u00f9 significative della <strong>Milano contemporanea<\/strong> perch\u00e9 racconta una citt\u00e0 che non \u00e8 solo consumata, ma abitata e vissuta.<\/span><\/p>\n<h2><strong><span style=\"color: #ff9900;\"><img decoding=\"async\" class=\"size-full wp-image-47636 aligncenter lazyload\" data-src=\"https:\/\/www.mostra-mi.it\/wp-content\/uploads\/Posti-social_culturali-a-Milano-Mare-Culturale-Urbano.jpg\" alt=\"Posti social culturali a Milano Mare Culturale Urbano\" width=\"600\" height=\"330\" data-srcset=\"https:\/\/www.mostra-mi.it\/wp-content\/uploads\/Posti-social_culturali-a-Milano-Mare-Culturale-Urbano.jpg 600w, https:\/\/www.mostra-mi.it\/wp-content\/uploads\/Posti-social_culturali-a-Milano-Mare-Culturale-Urbano-300x165.jpg 300w, https:\/\/www.mostra-mi.it\/wp-content\/uploads\/Posti-social_culturali-a-Milano-Mare-Culturale-Urbano-18x10.jpg 18w\" data-sizes=\"(max-width: 600px) 100vw, 600px\" src=\"data:image\/svg+xml;base64,PHN2ZyB3aWR0aD0iMSIgaGVpZ2h0PSIxIiB4bWxucz0iaHR0cDovL3d3dy53My5vcmcvMjAwMC9zdmciPjwvc3ZnPg==\" style=\"--smush-placeholder-width: 600px; --smush-placeholder-aspect-ratio: 600\/330;\" \/><\/span><\/strong><\/h2>\n<h2><strong><span style=\"color: #ff9900;\">Grande <\/span><span style=\"color: #ff9900;\">spazio per eventi culturali: BASE Milano<\/span><\/strong><\/h2>\n<p><span style=\"font-weight: 400;\"><em>Base Milano<\/em> rappresenta una delle<strong> trasformazioni urbane <\/strong>pi\u00f9 riuscite degli ultimi anni. Ex edificio industriale, <em>BASE<\/em> \u00e8 diventato un hub culturale e creativo di grande impatto visivo e narrativo. Qui il design, l\u2019arte, la moda e la cultura visiva si incontrano in una molteplicit\u00e0 di eventi, installazioni e progetti che dialogano costantemente con la citt\u00e0.<\/span><\/p>\n<p><span style=\"font-weight: 400;\">\u00a0<\/span><span style=\"font-weight: 400;\">Il fascino di <em>BASE<\/em> non si limita alla sua architettura industriale, ma emerge dal modo in cui lo spazio trasforma e amplifica esperienze culturali. Durante manifestazioni come la Design Week, BASE diventa un palinsesto di narrazioni visive, i<\/span><span style=\"font-weight: 400;\">n dialogo con le <\/span><span style=\"color: #ff9900;\"><a style=\"color: #ff9900;\" href=\"https:\/\/www.mostra-mi.it\/en\/news\/arte-contemporanea-a-milano-10-luoghi-imperdibili\/\"><span style=\"font-weight: 400;\">mostre ed esposizioni di arte contemporanea<\/span><\/a><\/span> <span style=\"font-weight: 400;\">che animano la citt\u00e0 e il panorama culturale italiano.\u00a0<\/span><\/p>\n<h2><strong><span style=\"color: #ff9900;\"><img decoding=\"async\" class=\"size-full wp-image-47628 aligncenter lazyload\" data-src=\"https:\/\/www.mostra-mi.it\/wp-content\/uploads\/Posti-social_culturali-a-Milano-Base-milano.jpg\" alt=\"Posti social culturali a Milano Base milano\" width=\"600\" height=\"330\" data-srcset=\"https:\/\/www.mostra-mi.it\/wp-content\/uploads\/Posti-social_culturali-a-Milano-Base-milano.jpg 600w, https:\/\/www.mostra-mi.it\/wp-content\/uploads\/Posti-social_culturali-a-Milano-Base-milano-300x165.jpg 300w, https:\/\/www.mostra-mi.it\/wp-content\/uploads\/Posti-social_culturali-a-Milano-Base-milano-18x10.jpg 18w\" data-sizes=\"(max-width: 600px) 100vw, 600px\" src=\"data:image\/svg+xml;base64,PHN2ZyB3aWR0aD0iMSIgaGVpZ2h0PSIxIiB4bWxucz0iaHR0cDovL3d3dy53My5vcmcvMjAwMC9zdmciPjwvc3ZnPg==\" style=\"--smush-placeholder-width: 600px; --smush-placeholder-aspect-ratio: 600\/330;\" \/><\/span><\/strong><\/h2>\n<h2><strong><span style=\"color: #ff9900;\">Cascina Cuccagna: s<\/span><span style=\"color: #ff9900;\">pazio culturale nel cuore della citt\u00e0<\/span><\/strong><\/h2>\n<p><span style=\"font-weight: 400;\"><em>Cascina Cuccagna<\/em> \u00e8 uno dei luoghi simbolo della <strong>socialit\u00e0 urbana sostenibile<\/strong>. Nel quartiere di Porta Romana, questa cascina storica \u00e8 diventata un laboratorio di partecipazione civica: eventi culturali, mercati agricoli, laboratori e attivit\u00e0 comunitarie costruiscono una narrazione collettiva fondata su esperienza, relazione e contesto urbano.<\/span><\/p>\n<p><span style=\"font-weight: 400;\">\u00a0<\/span><span style=\"font-weight: 400;\">Le immagini che nascono da <em>Cascina Cuccagna<\/em> non parlano solo di estetica: raccontano storie di comunit\u00e0, di relazioni e di cittadinanza attiva. Qui la socialit\u00e0 non \u00e8 un concetto astratto, ma una pratica quotidiana che si declina attraverso lo spazio condiviso.<\/span><\/p>\n<h2><strong><span style=\"color: #ff9900;\"><img decoding=\"async\" class=\"size-full wp-image-47629 aligncenter lazyload\" data-src=\"https:\/\/www.mostra-mi.it\/wp-content\/uploads\/Posti-social_culturali-a-Milano-Cascina-Cuccagna.jpg\" alt=\"Posti social culturali a Milano Cascina Cuccagna\" width=\"600\" height=\"330\" data-srcset=\"https:\/\/www.mostra-mi.it\/wp-content\/uploads\/Posti-social_culturali-a-Milano-Cascina-Cuccagna.jpg 600w, https:\/\/www.mostra-mi.it\/wp-content\/uploads\/Posti-social_culturali-a-Milano-Cascina-Cuccagna-300x165.jpg 300w, https:\/\/www.mostra-mi.it\/wp-content\/uploads\/Posti-social_culturali-a-Milano-Cascina-Cuccagna-18x10.jpg 18w\" data-sizes=\"(max-width: 600px) 100vw, 600px\" src=\"data:image\/svg+xml;base64,PHN2ZyB3aWR0aD0iMSIgaGVpZ2h0PSIxIiB4bWxucz0iaHR0cDovL3d3dy53My5vcmcvMjAwMC9zdmciPjwvc3ZnPg==\" style=\"--smush-placeholder-width: 600px; --smush-placeholder-aspect-ratio: 600\/330;\" \/><\/span><\/strong><\/h2>\n<h2><strong><span style=\"color: #ff9900;\">Luogo di socialit\u00e0 in un&#8217;oasi verde: <\/span><span style=\"color: #ff9900;\">Cascina Martesana<\/span><\/strong><\/h2>\n<p><span style=\"font-weight: 400;\"><em>Cascina Martesana<\/em> rappresenta un\u2019estensione di questa dimensione, ma con un rapporto pi\u00f9 stretto con la natura e lo spazio pubblico. Situata lungo il Naviglio Piccolo, \u00e8 un punto di ritrovo per chi cerca <strong>convivialit\u00e0, cultura popolare e momenti di socialit\u00e0<\/strong> immersi nel verde.<\/span><\/p>\n<p><em><span style=\"font-weight: 400;\">Cascina Martesana <\/span><\/em><span style=\"font-weight: 400;\">e le sue attivit\u00e0 generano contenuti che parlano di una Milano diversa, capace di coniugare paesaggio urbano e quotidianit\u00e0 condivisa. I momenti trascorsi qui, dalle serate musicali agli incontri informali, raccontano una citt\u00e0 che non ha paura di aprirsi all\u2019esterno e di farsi raccontare da chi la vive.<\/span><\/p>\n<h2><strong><span style=\"color: #ff9900;\"><img decoding=\"async\" class=\"size-full wp-image-47630 aligncenter lazyload\" data-src=\"https:\/\/www.mostra-mi.it\/wp-content\/uploads\/Posti-social_culturali-a-Milano-Cascina-Martesana.jpg\" alt=\"Posti social culturali a Milano Cascina Martesana\" width=\"600\" height=\"330\" data-srcset=\"https:\/\/www.mostra-mi.it\/wp-content\/uploads\/Posti-social_culturali-a-Milano-Cascina-Martesana.jpg 600w, https:\/\/www.mostra-mi.it\/wp-content\/uploads\/Posti-social_culturali-a-Milano-Cascina-Martesana-300x165.jpg 300w, https:\/\/www.mostra-mi.it\/wp-content\/uploads\/Posti-social_culturali-a-Milano-Cascina-Martesana-18x10.jpg 18w\" data-sizes=\"(max-width: 600px) 100vw, 600px\" src=\"data:image\/svg+xml;base64,PHN2ZyB3aWR0aD0iMSIgaGVpZ2h0PSIxIiB4bWxucz0iaHR0cDovL3d3dy53My5vcmcvMjAwMC9zdmciPjwvc3ZnPg==\" style=\"--smush-placeholder-width: 600px; --smush-placeholder-aspect-ratio: 600\/330;\" \/><\/span><\/strong><\/h2>\n<h2><strong><span style=\"color: #ff9900;\">Nuovo Armenia: spazio culturale e cinema alternativo<\/span><\/strong><\/h2>\n<p><span style=\"font-weight: 400;\"><em>Nuovo Armenia<\/em>, situato nel cuore del quartiere Dergano, \u00e8 un\u2019<strong>associazione di promozione sociale<\/strong> ospitata all\u2019interno di una cascina storica con giardino. Nato nel 2015 con l\u2019obiettivo di recuperare uno spazio abbandonato e trasformarlo in laboratorio culturale, oggi \u00e8 un circolo che unisce cinema, bistrot e convivialit\u00e0 in un\u2019atmosfera intima e inclusiva.<\/span><\/p>\n<p><span style=\"font-weight: 400;\">Il suo cuore pulsante \u00e8 il cinema all\u2019aperto o in sala, dedicato soprattutto a film, documentari e cortometraggi da Africa, Asia e America Latina, opere spesso poco visibili nei circuiti mainstream, presentate in lingua originale con sottotitoli. Proiezioni sotto le stelle, incontri tematici, dj set, serate con vini naturali e birre artigianali diventano occasioni per dialoghi autentici e sguardi sul mondo \u201cnon cos\u00ec lontano\u201d.<\/span><\/p>\n<p><span style=\"font-weight: 400;\">Su Instagram e nei feed dei frequentatori, Nuovo Armenia genera immagini cariche di significato: il giardino illuminato, il pubblico raccolto sulle sedie, un bicchiere in mano mentre si discute di migrazioni, identit\u00e0 o libert\u00e0. Non \u00e8 solo un cinema o un bar: \u00e8 un<strong> punto di connessione tra culture diverse<\/strong>, un luogo dove la narrazione urbana si allarga al globale, rendendo visibile una Milano periferica, curiosa e accogliente. Qui ogni proiezione pu\u00f2 trasformarsi in storia condivisa, ogni incontro in contenuto che va oltre l\u2019estetica e tocca il senso di comunit\u00e0.<\/span><\/p>\n<h2><strong><span style=\"color: #ff9900;\"><img decoding=\"async\" class=\"size-full wp-image-47635 aligncenter lazyload\" data-src=\"https:\/\/www.mostra-mi.it\/wp-content\/uploads\/Posti-social_culturali-a-Milano-Nuovo-Armenia.jpg\" alt=\"xPosti social culturali a Milano Nuovo Armenia\" width=\"600\" height=\"330\" data-srcset=\"https:\/\/www.mostra-mi.it\/wp-content\/uploads\/Posti-social_culturali-a-Milano-Nuovo-Armenia.jpg 600w, https:\/\/www.mostra-mi.it\/wp-content\/uploads\/Posti-social_culturali-a-Milano-Nuovo-Armenia-300x165.jpg 300w, https:\/\/www.mostra-mi.it\/wp-content\/uploads\/Posti-social_culturali-a-Milano-Nuovo-Armenia-18x10.jpg 18w\" data-sizes=\"(max-width: 600px) 100vw, 600px\" src=\"data:image\/svg+xml;base64,PHN2ZyB3aWR0aD0iMSIgaGVpZ2h0PSIxIiB4bWxucz0iaHR0cDovL3d3dy53My5vcmcvMjAwMC9zdmciPjwvc3ZnPg==\" style=\"--smush-placeholder-width: 600px; --smush-placeholder-aspect-ratio: 600\/330;\" \/><\/span><\/strong><\/h2>\n<h2><strong><span style=\"color: #ff9900;\">Museo contemporaneo e polo culturale<\/span> <span style=\"color: #ff9900;\">iconico: <\/span><span style=\"color: #ff9900;\">Fondazione Prada<\/span><\/strong><\/h2>\n<p><em><a href=\"https:\/\/it.wikipedia.org\/wiki\/Fondazione_Prada\"><span style=\"font-weight: 400;\"><span style=\"color: #ff9900;\">Fondazione<\/span> <span style=\"color: #ff9900;\">Prada<\/span><\/span><\/a><\/em> <span style=\"font-weight: 400;\">\u00e8 un\u2019<strong>istituzione culturale<\/strong> che va oltre la semplice funzione museale. Situata nella zona sud di Milano, Fondazione Prada \u00e8 un complesso architettonico di grande impatto, in cui l\u2019arte contemporanea dialoga con lo spazio urbano in modo organico.<\/span><\/p>\n<p><span style=\"font-weight: 400;\">L\u2019esperienza visiva qui \u00e8 multipla: le esposizioni temporanee, la struttura architettonica progettata dallo studio OMA e i percorsi esterni creano un ambiente narrativo in cui ogni elemento pu\u00f2 diventare racconto. F<em>ondazione Prad<\/em>a non \u00e8 solo uno sfondo fotografico: \u00e8 un paradigma narrativo che mostra come arte, spazio e comunit\u00e0 possano coesistere nel processo di costruzione delle immagini urbane.<\/span><\/p>\n<h2><strong><span style=\"color: #ff9900;\"><img decoding=\"async\" class=\"size-full wp-image-47631 aligncenter lazyload\" data-src=\"https:\/\/www.mostra-mi.it\/wp-content\/uploads\/Posti-social_culturali-a-Milano-Fondazione-Prada.jpg\" alt=\"Posti social culturali a Milano Fondazione Prada\" width=\"600\" height=\"330\" data-srcset=\"https:\/\/www.mostra-mi.it\/wp-content\/uploads\/Posti-social_culturali-a-Milano-Fondazione-Prada.jpg 600w, https:\/\/www.mostra-mi.it\/wp-content\/uploads\/Posti-social_culturali-a-Milano-Fondazione-Prada-300x165.jpg 300w, https:\/\/www.mostra-mi.it\/wp-content\/uploads\/Posti-social_culturali-a-Milano-Fondazione-Prada-18x10.jpg 18w\" data-sizes=\"(max-width: 600px) 100vw, 600px\" src=\"data:image\/svg+xml;base64,PHN2ZyB3aWR0aD0iMSIgaGVpZ2h0PSIxIiB4bWxucz0iaHR0cDovL3d3dy53My5vcmcvMjAwMC9zdmciPjwvc3ZnPg==\" style=\"--smush-placeholder-width: 600px; --smush-placeholder-aspect-ratio: 600\/330;\" \/><\/span><\/strong><\/h2>\n<h2><strong><span style=\"color: #ff9900;\">Fuorimano: <\/span><span style=\"color: #ff9900;\">brunch, design e socialit\u00e0 in uno spazio creativo<\/span><\/strong><\/h2>\n<p><span style=\"font-weight: 400;\"><em>Fuorimano<\/em> \u00e8 uno spazio che ha saputo trasformare la convivialit\u00e0 in racconto urbano. Situato in un contesto di quartiere, questo locale \u00e8 diventato un punto di riferimento per brunch, aperitivi e cene informali. Ma il suo successo nei feed social non si deve solo alla qualit\u00e0 del cibo o all\u2019estetica degli interni: nasce dalla <strong>capacit\u00e0 di generare situazioni ed esperienze condivise<\/strong>.<\/span><\/p>\n<p><span style=\"font-weight: 400;\">Le immagini di <em>Fuorimano<\/em> sui social raccontano momenti di relazione: amici che si incontrano, conversazioni spontanee, gesti quotidiani che diventano significativi perch\u00e9 condivisi. In un mondo in cui l\u2019immagine urbana \u00e8 spesso costruita a tavolino, <em>Fuori Mano<\/em> mostra come sia possibile fare narrazione dalla vita quotidiana delle persone.<\/span><\/p>\n<h2><strong><span style=\"color: #ff9900;\"><img decoding=\"async\" class=\"size-full wp-image-47632 aligncenter lazyload\" data-src=\"https:\/\/www.mostra-mi.it\/wp-content\/uploads\/Posti-social_culturali-a-Milano-Fuorimano.jpg\" alt=\"Posti social culturali a Milano Fuorimano\" width=\"600\" height=\"330\" data-srcset=\"https:\/\/www.mostra-mi.it\/wp-content\/uploads\/Posti-social_culturali-a-Milano-Fuorimano.jpg 600w, https:\/\/www.mostra-mi.it\/wp-content\/uploads\/Posti-social_culturali-a-Milano-Fuorimano-300x165.jpg 300w, https:\/\/www.mostra-mi.it\/wp-content\/uploads\/Posti-social_culturali-a-Milano-Fuorimano-18x10.jpg 18w\" data-sizes=\"(max-width: 600px) 100vw, 600px\" src=\"data:image\/svg+xml;base64,PHN2ZyB3aWR0aD0iMSIgaGVpZ2h0PSIxIiB4bWxucz0iaHR0cDovL3d3dy53My5vcmcvMjAwMC9zdmciPjwvc3ZnPg==\" style=\"--smush-placeholder-width: 600px; --smush-placeholder-aspect-ratio: 600\/330;\" \/><\/span><\/strong><\/h2>\n<h2><strong><span style=\"color: #ff9900;\">Ristorazione come progetto culturale: <\/span><span style=\"color: #ff9900;\">Rob de Matt<\/span><\/strong><\/h2>\n<p><span style=\"font-weight: 400;\"><em>Rob de Matt<\/em> \u00e8 uno degli esempi pi\u00f9 interessanti di come un locale possa andare oltre la dimensione estetica per abbracciare un <strong>progetto culturale e sociale<\/strong>. Qui la ristorazione \u00e8 un veicolo di comunit\u00e0, inclusione e dialogo. Non si tratta di un luogo \u201cinstagrammabile\u201d per la sua superficie, ma per il suo contenuto narrativo.<\/span><\/p>\n<p><span style=\"font-weight: 400;\">Gli eventi, le iniziative e le storie che si intrecciano con <em>Rob de Matt<\/em> costruiscono una narrazione profonda e significativa: persone, passioni, relazioni che diventano immagine. <\/span><span style=\"font-weight: 400;\">Questo lo rende uno dei luoghi pi\u00f9 potenti da raccontare quando si esplora il rapporto tra spazio urbano e comunit\u00e0 contemporanea.<\/span><\/p>\n<h2><strong><span style=\"color: #ff9900;\"><img decoding=\"async\" class=\"size-full wp-image-47634 aligncenter lazyload\" data-src=\"https:\/\/www.mostra-mi.it\/wp-content\/uploads\/Posti-social_culturali-a-Milano-Rob-De-Matt.jpg\" alt=\"Posti social culturali a Milano Rob De Matt\" width=\"600\" height=\"330\" data-srcset=\"https:\/\/www.mostra-mi.it\/wp-content\/uploads\/Posti-social_culturali-a-Milano-Rob-De-Matt.jpg 600w, https:\/\/www.mostra-mi.it\/wp-content\/uploads\/Posti-social_culturali-a-Milano-Rob-De-Matt-300x165.jpg 300w, https:\/\/www.mostra-mi.it\/wp-content\/uploads\/Posti-social_culturali-a-Milano-Rob-De-Matt-18x10.jpg 18w\" data-sizes=\"(max-width: 600px) 100vw, 600px\" src=\"data:image\/svg+xml;base64,PHN2ZyB3aWR0aD0iMSIgaGVpZ2h0PSIxIiB4bWxucz0iaHR0cDovL3d3dy53My5vcmcvMjAwMC9zdmciPjwvc3ZnPg==\" style=\"--smush-placeholder-width: 600px; --smush-placeholder-aspect-ratio: 600\/330;\" \/><\/span><\/strong><\/h2>\n<h2><strong><span style=\"color: #ff9900;\">Bar Luce: luogo cool e iconico\u00a0<\/span><\/strong><\/h2>\n<p><span style=\"font-weight: 400;\">Infine, <em>Bar Luce<\/em> \u00e8 forse il luogo che pi\u00f9 di tutti sintetizza l\u2019incontro tra estetica e narrazione urbana. Progettato dal regista Wes Anderson all\u2019interno di <em>Fondazione Prada, Bar Luce<\/em> \u00e8 un ambiente che sembra uscito da un set cinematografico: colori pastello, arredi vintage e un\u2019atmosfera sospesa tra passato e contemporaneo. <\/span><span style=\"font-weight: 400;\">Ma il suo valore narrativo non \u00e8 solo nella forma: \u00e8 nell\u2019esperienza che costruisce. <em>Bar Luce<\/em> diventa <strong>spazio di incontro, riflessione e condivisione<\/strong>, e ogni immagine che ne nasce racconta un modo di abitare Milano che \u00e8 contemporaneamente visivo ed emozionale.<\/span><\/p>\n<p><img decoding=\"async\" class=\"size-full wp-image-47627 aligncenter lazyload\" data-src=\"https:\/\/www.mostra-mi.it\/wp-content\/uploads\/Posti-social_culturali-a-Milano-Bar-Luce.jpg\" alt=\"Posti social culturali a Milano Bar Luce\" width=\"600\" height=\"330\" data-srcset=\"https:\/\/www.mostra-mi.it\/wp-content\/uploads\/Posti-social_culturali-a-Milano-Bar-Luce.jpg 600w, https:\/\/www.mostra-mi.it\/wp-content\/uploads\/Posti-social_culturali-a-Milano-Bar-Luce-300x165.jpg 300w, https:\/\/www.mostra-mi.it\/wp-content\/uploads\/Posti-social_culturali-a-Milano-Bar-Luce-18x10.jpg 18w\" data-sizes=\"(max-width: 600px) 100vw, 600px\" src=\"data:image\/svg+xml;base64,PHN2ZyB3aWR0aD0iMSIgaGVpZ2h0PSIxIiB4bWxucz0iaHR0cDovL3d3dy53My5vcmcvMjAwMC9zdmciPjwvc3ZnPg==\" style=\"--smush-placeholder-width: 600px; --smush-placeholder-aspect-ratio: 600\/330;\" \/><\/p>\n\n\t\t<\/div>\n\t<\/div>\n<\/div><\/div><\/div><\/div><div class=\"vc_row wpb_row vc_row-fluid container\"><div class=\"wpb_column vc_column_container vc_col-sm-12\"><div class=\"vc_column-inner\"><div class=\"wpb_wrapper\">\n\t<div class=\"wpb_text_column wpb_content_element\" >\n\t\t<div class=\"wpb_wrapper\">\n\t\t\t<p><span style=\"font-weight: 400;\">Dunque, Milano non \u00e8 solo uno sfondo urbano: \u00e8 un laboratorio di<strong> esperienze, estetiche e socialit\u00e0 condivisa<\/strong>. I luoghi che abbiamo esplorato, da Scomodo a Bar Luce, da Mare Culturale Urbano a Cascina Cuccagna, mostrano come la citt\u00e0 viva attraverso storie, immagini e relazioni, creando narrazioni complesse che intrecciano cultura, design, convivialit\u00e0 e comunit\u00e0.\u00a0<\/span><\/p>\n<p>Oggi raccontare Milano significa osservare come lo spazio urbano diventa esperienza, come ogni evento, ogni aperitivo o performance pu\u00f2 trasformarsi in contenuto condivisibile. \u00c8 una citt\u00e0 che si lascia interpretare, abitare e raccontare<strong>,<\/strong> dove ogni luogo \u00e8 potenzialmente uno scenario narrativo e ogni visita un\u2019opportunit\u00e0 per costruire storie nuove.<\/p>\n\n\t\t<\/div>\n\t<\/div>\n<\/div><\/div><\/div><\/div>\n<\/div>","protected":false},"excerpt":{"rendered":"Milano non \u00e8 pi\u00f9 solo la citt\u00e0 della moda e del design: \u00e8 una citt\u00e0 che si racconta attraverso immagini, video e contenuti digitali. Ogni quartiere, ogni vicolo e ogni locale possono trasformarsi in scenari narrativi, capaci di raccontare non...","protected":false},"author":1942,"featured_media":47649,"comment_status":"open","ping_status":"closed","sticky":false,"template":"","format":"standard","meta":{"footnotes":""},"categories":[26,127],"tags":[3305,3306,3307,3308],"class_list":["post-47574","post","type-post","status-publish","format-standard","has-post-thumbnail","hentry","category-news","category-community","tag-location-cool-a-milano","tag-centri-culturali-milano","tag-luoghi-iconici-milano","tag-centri-sociali-milano"],"yoast_head":"<!-- This site is optimized with the Yoast SEO plugin v27.5 - https:\/\/yoast.com\/product\/yoast-seo-wordpress\/ -->\n<title>Location e centri socio culturali super cool a Milano<\/title>\n<meta name=\"description\" content=\"Ecco la Milano pi\u00f9 social: luoghi iconici, spazi culturali e locali raccontabili che trasformano la citt\u00e0 in un\u2019esperienza super social.\" \/>\n<meta name=\"robots\" content=\"index, follow, max-snippet:-1, max-image-preview:large, max-video-preview:-1\" \/>\n<link rel=\"canonical\" href=\"https:\/\/www.mostra-mi.it\/en\/news\/location-e-centri-socio-culturali-super-cool-a-milano\/\" \/>\n<meta property=\"og:locale\" content=\"en_GB\" \/>\n<meta property=\"og:type\" content=\"article\" \/>\n<meta property=\"og:title\" content=\"Location e centri socio culturali super cool a Milano\" \/>\n<meta property=\"og:description\" content=\"Ecco la Milano pi\u00f9 social: luoghi iconici, spazi culturali e locali raccontabili che trasformano la citt\u00e0 in un\u2019esperienza super social.\" \/>\n<meta property=\"og:url\" content=\"https:\/\/www.mostra-mi.it\/en\/news\/location-e-centri-socio-culturali-super-cool-a-milano\/\" \/>\n<meta property=\"og:site_name\" content=\"Mostrami\" \/>\n<meta property=\"article:published_time\" content=\"2026-04-25T08:28:49+00:00\" \/>\n<meta property=\"article:modified_time\" content=\"2026-04-27T14:53:05+00:00\" \/>\n<meta property=\"og:image\" content=\"https:\/\/www.mostra-mi.it\/wp-content\/uploads\/Posti-socialculturali-a-Milano-2-1.png\" \/>\n\t<meta property=\"og:image:width\" content=\"600\" \/>\n\t<meta property=\"og:image:height\" content=\"330\" \/>\n\t<meta property=\"og:image:type\" content=\"image\/png\" \/>\n<meta name=\"author\" content=\"Mostrami gestione\" \/>\n<meta name=\"twitter:card\" content=\"summary_large_image\" \/>\n<meta name=\"twitter:label1\" content=\"Written by\" \/>\n\t<meta name=\"twitter:data1\" content=\"Mostrami gestione\" \/>\n\t<meta name=\"twitter:label2\" content=\"Estimated reading time\" \/>\n\t<meta name=\"twitter:data2\" content=\"11 minutes\" \/>\n<script type=\"application\/ld+json\" class=\"yoast-schema-graph\">{\"@context\":\"https:\\\/\\\/schema.org\",\"@graph\":[{\"@type\":\"Article\",\"@id\":\"https:\\\/\\\/www.mostra-mi.it\\\/news\\\/location-e-centri-socio-culturali-super-cool-a-milano#article\",\"isPartOf\":{\"@id\":\"https:\\\/\\\/www.mostra-mi.it\\\/news\\\/location-e-centri-socio-culturali-super-cool-a-milano\"},\"author\":{\"name\":\"Mostrami gestione\",\"@id\":\"https:\\\/\\\/www.mostra-mi.it\\\/#\\\/schema\\\/person\\\/e2481d247000e3f91ca0317a1a7ae73e\"},\"headline\":\"Location e centri socio culturali super cool a Milano\",\"datePublished\":\"2026-04-25T08:28:49+00:00\",\"dateModified\":\"2026-04-27T14:53:05+00:00\",\"mainEntityOfPage\":{\"@id\":\"https:\\\/\\\/www.mostra-mi.it\\\/news\\\/location-e-centri-socio-culturali-super-cool-a-milano\"},\"wordCount\":1577,\"commentCount\":0,\"publisher\":{\"@id\":\"https:\\\/\\\/www.mostra-mi.it\\\/#organization\"},\"image\":{\"@id\":\"https:\\\/\\\/www.mostra-mi.it\\\/news\\\/location-e-centri-socio-culturali-super-cool-a-milano#primaryimage\"},\"thumbnailUrl\":\"https:\\\/\\\/www.mostra-mi.it\\\/wp-content\\\/uploads\\\/Posti-socialculturali-a-Milano-2-1.png\",\"keywords\":[\"Location cool a Milano\",\"centri culturali milano\",\"Luoghi iconici Milano\",\"centri sociali milano\"],\"articleSection\":[\"News\",\"Community\"],\"inLanguage\":\"en-GB\",\"potentialAction\":[{\"@type\":\"CommentAction\",\"name\":\"Comment\",\"target\":[\"https:\\\/\\\/www.mostra-mi.it\\\/news\\\/location-e-centri-socio-culturali-super-cool-a-milano#respond\"]}]},{\"@type\":\"WebPage\",\"@id\":\"https:\\\/\\\/www.mostra-mi.it\\\/news\\\/location-e-centri-socio-culturali-super-cool-a-milano\",\"url\":\"https:\\\/\\\/www.mostra-mi.it\\\/news\\\/location-e-centri-socio-culturali-super-cool-a-milano\",\"name\":\"Location e centri socio culturali super cool a Milano\",\"isPartOf\":{\"@id\":\"https:\\\/\\\/www.mostra-mi.it\\\/#website\"},\"primaryImageOfPage\":{\"@id\":\"https:\\\/\\\/www.mostra-mi.it\\\/news\\\/location-e-centri-socio-culturali-super-cool-a-milano#primaryimage\"},\"image\":{\"@id\":\"https:\\\/\\\/www.mostra-mi.it\\\/news\\\/location-e-centri-socio-culturali-super-cool-a-milano#primaryimage\"},\"thumbnailUrl\":\"https:\\\/\\\/www.mostra-mi.it\\\/wp-content\\\/uploads\\\/Posti-socialculturali-a-Milano-2-1.png\",\"datePublished\":\"2026-04-25T08:28:49+00:00\",\"dateModified\":\"2026-04-27T14:53:05+00:00\",\"description\":\"Ecco la Milano pi\u00f9 social: luoghi iconici, spazi culturali e locali raccontabili che trasformano la citt\u00e0 in un\u2019esperienza super social.\",\"breadcrumb\":{\"@id\":\"https:\\\/\\\/www.mostra-mi.it\\\/news\\\/location-e-centri-socio-culturali-super-cool-a-milano#breadcrumb\"},\"inLanguage\":\"en-GB\",\"potentialAction\":[{\"@type\":\"ReadAction\",\"target\":[\"https:\\\/\\\/www.mostra-mi.it\\\/news\\\/location-e-centri-socio-culturali-super-cool-a-milano\"]}]},{\"@type\":\"ImageObject\",\"inLanguage\":\"en-GB\",\"@id\":\"https:\\\/\\\/www.mostra-mi.it\\\/news\\\/location-e-centri-socio-culturali-super-cool-a-milano#primaryimage\",\"url\":\"https:\\\/\\\/www.mostra-mi.it\\\/wp-content\\\/uploads\\\/Posti-socialculturali-a-Milano-2-1.png\",\"contentUrl\":\"https:\\\/\\\/www.mostra-mi.it\\\/wp-content\\\/uploads\\\/Posti-socialculturali-a-Milano-2-1.png\",\"width\":600,\"height\":330,\"caption\":\"Posti socialculturali a Milano\"},{\"@type\":\"BreadcrumbList\",\"@id\":\"https:\\\/\\\/www.mostra-mi.it\\\/news\\\/location-e-centri-socio-culturali-super-cool-a-milano#breadcrumb\",\"itemListElement\":[{\"@type\":\"ListItem\",\"position\":1,\"name\":\"Home\",\"item\":\"https:\\\/\\\/www.mostra-mi.it\\\/\"},{\"@type\":\"ListItem\",\"position\":2,\"name\":\"Location e centri socio culturali super cool a Milano\"}]},{\"@type\":\"WebSite\",\"@id\":\"https:\\\/\\\/www.mostra-mi.it\\\/#website\",\"url\":\"https:\\\/\\\/www.mostra-mi.it\\\/\",\"name\":\"Mostrami\",\"description\":\"Mostrami, galleria che si propone come vetrina per giovani artisti\",\"publisher\":{\"@id\":\"https:\\\/\\\/www.mostra-mi.it\\\/#organization\"},\"potentialAction\":[{\"@type\":\"SearchAction\",\"target\":{\"@type\":\"EntryPoint\",\"urlTemplate\":\"https:\\\/\\\/www.mostra-mi.it\\\/?s={search_term_string}\"},\"query-input\":{\"@type\":\"PropertyValueSpecification\",\"valueRequired\":true,\"valueName\":\"search_term_string\"}}],\"inLanguage\":\"en-GB\"},{\"@type\":\"Organization\",\"@id\":\"https:\\\/\\\/www.mostra-mi.it\\\/#organization\",\"name\":\"Mostrami\",\"url\":\"https:\\\/\\\/www.mostra-mi.it\\\/\",\"logo\":{\"@type\":\"ImageObject\",\"inLanguage\":\"en-GB\",\"@id\":\"https:\\\/\\\/www.mostra-mi.it\\\/#\\\/schema\\\/logo\\\/image\\\/\",\"url\":\"\",\"contentUrl\":\"\",\"caption\":\"Mostrami\"},\"image\":{\"@id\":\"https:\\\/\\\/www.mostra-mi.it\\\/#\\\/schema\\\/logo\\\/image\\\/\"}},{\"@type\":\"Person\",\"@id\":\"https:\\\/\\\/www.mostra-mi.it\\\/#\\\/schema\\\/person\\\/e2481d247000e3f91ca0317a1a7ae73e\",\"name\":\"Mostrami gestione\",\"image\":{\"@type\":\"ImageObject\",\"inLanguage\":\"en-GB\",\"@id\":\"https:\\\/\\\/secure.gravatar.com\\\/avatar\\\/6cfd9eb7d613f85253ce435929abab60fa2327e00093a372a20c3af3939bc280?s=96&d=mm&r=g\",\"url\":\"https:\\\/\\\/secure.gravatar.com\\\/avatar\\\/6cfd9eb7d613f85253ce435929abab60fa2327e00093a372a20c3af3939bc280?s=96&d=mm&r=g\",\"contentUrl\":\"https:\\\/\\\/secure.gravatar.com\\\/avatar\\\/6cfd9eb7d613f85253ce435929abab60fa2327e00093a372a20c3af3939bc280?s=96&d=mm&r=g\",\"caption\":\"Mostrami gestione\"},\"url\":\"https:\\\/\\\/www.mostra-mi.it\\\/en\\\/author\\\/mostrami-gestione\"}]}<\/script>\n<!-- \/ Yoast SEO plugin. -->","yoast_head_json":{"title":"Location e centri socio culturali super cool a Milano","description":"Ecco la Milano pi\u00f9 social: luoghi iconici, spazi culturali e locali raccontabili che trasformano la citt\u00e0 in un\u2019esperienza super social.","robots":{"index":"index","follow":"follow","max-snippet":"max-snippet:-1","max-image-preview":"max-image-preview:large","max-video-preview":"max-video-preview:-1"},"canonical":"https:\/\/www.mostra-mi.it\/en\/news\/location-e-centri-socio-culturali-super-cool-a-milano\/","og_locale":"en_GB","og_type":"article","og_title":"Location e centri socio culturali super cool a Milano","og_description":"Ecco la Milano pi\u00f9 social: luoghi iconici, spazi culturali e locali raccontabili che trasformano la citt\u00e0 in un\u2019esperienza super social.","og_url":"https:\/\/www.mostra-mi.it\/en\/news\/location-e-centri-socio-culturali-super-cool-a-milano\/","og_site_name":"Mostrami","article_published_time":"2026-04-25T08:28:49+00:00","article_modified_time":"2026-04-27T14:53:05+00:00","og_image":[{"width":600,"height":330,"url":"https:\/\/www.mostra-mi.it\/wp-content\/uploads\/Posti-socialculturali-a-Milano-2-1.png","type":"image\/png"}],"author":"Mostrami gestione","twitter_card":"summary_large_image","twitter_misc":{"Written by":"Mostrami gestione","Estimated reading time":"11 minutes"},"schema":{"@context":"https:\/\/schema.org","@graph":[{"@type":"Article","@id":"https:\/\/www.mostra-mi.it\/news\/location-e-centri-socio-culturali-super-cool-a-milano#article","isPartOf":{"@id":"https:\/\/www.mostra-mi.it\/news\/location-e-centri-socio-culturali-super-cool-a-milano"},"author":{"name":"Mostrami gestione","@id":"https:\/\/www.mostra-mi.it\/#\/schema\/person\/e2481d247000e3f91ca0317a1a7ae73e"},"headline":"Location e centri socio culturali super cool a Milano","datePublished":"2026-04-25T08:28:49+00:00","dateModified":"2026-04-27T14:53:05+00:00","mainEntityOfPage":{"@id":"https:\/\/www.mostra-mi.it\/news\/location-e-centri-socio-culturali-super-cool-a-milano"},"wordCount":1577,"commentCount":0,"publisher":{"@id":"https:\/\/www.mostra-mi.it\/#organization"},"image":{"@id":"https:\/\/www.mostra-mi.it\/news\/location-e-centri-socio-culturali-super-cool-a-milano#primaryimage"},"thumbnailUrl":"https:\/\/www.mostra-mi.it\/wp-content\/uploads\/Posti-socialculturali-a-Milano-2-1.png","keywords":["Location cool a Milano","centri culturali milano","Luoghi iconici Milano","centri sociali milano"],"articleSection":["News","Community"],"inLanguage":"en-GB","potentialAction":[{"@type":"CommentAction","name":"Comment","target":["https:\/\/www.mostra-mi.it\/news\/location-e-centri-socio-culturali-super-cool-a-milano#respond"]}]},{"@type":"WebPage","@id":"https:\/\/www.mostra-mi.it\/news\/location-e-centri-socio-culturali-super-cool-a-milano","url":"https:\/\/www.mostra-mi.it\/news\/location-e-centri-socio-culturali-super-cool-a-milano","name":"Location e centri socio culturali super cool a Milano","isPartOf":{"@id":"https:\/\/www.mostra-mi.it\/#website"},"primaryImageOfPage":{"@id":"https:\/\/www.mostra-mi.it\/news\/location-e-centri-socio-culturali-super-cool-a-milano#primaryimage"},"image":{"@id":"https:\/\/www.mostra-mi.it\/news\/location-e-centri-socio-culturali-super-cool-a-milano#primaryimage"},"thumbnailUrl":"https:\/\/www.mostra-mi.it\/wp-content\/uploads\/Posti-socialculturali-a-Milano-2-1.png","datePublished":"2026-04-25T08:28:49+00:00","dateModified":"2026-04-27T14:53:05+00:00","description":"Ecco la Milano pi\u00f9 social: luoghi iconici, spazi culturali e locali raccontabili che trasformano la citt\u00e0 in un\u2019esperienza super social.","breadcrumb":{"@id":"https:\/\/www.mostra-mi.it\/news\/location-e-centri-socio-culturali-super-cool-a-milano#breadcrumb"},"inLanguage":"en-GB","potentialAction":[{"@type":"ReadAction","target":["https:\/\/www.mostra-mi.it\/news\/location-e-centri-socio-culturali-super-cool-a-milano"]}]},{"@type":"ImageObject","inLanguage":"en-GB","@id":"https:\/\/www.mostra-mi.it\/news\/location-e-centri-socio-culturali-super-cool-a-milano#primaryimage","url":"https:\/\/www.mostra-mi.it\/wp-content\/uploads\/Posti-socialculturali-a-Milano-2-1.png","contentUrl":"https:\/\/www.mostra-mi.it\/wp-content\/uploads\/Posti-socialculturali-a-Milano-2-1.png","width":600,"height":330,"caption":"Posti socialculturali a Milano"},{"@type":"BreadcrumbList","@id":"https:\/\/www.mostra-mi.it\/news\/location-e-centri-socio-culturali-super-cool-a-milano#breadcrumb","itemListElement":[{"@type":"ListItem","position":1,"name":"Home","item":"https:\/\/www.mostra-mi.it\/"},{"@type":"ListItem","position":2,"name":"Location e centri socio culturali super cool a Milano"}]},{"@type":"WebSite","@id":"https:\/\/www.mostra-mi.it\/#website","url":"https:\/\/www.mostra-mi.it\/","name":"Mostrami","description":"Mostrami, galleria che si propone come vetrina per giovani artisti","publisher":{"@id":"https:\/\/www.mostra-mi.it\/#organization"},"potentialAction":[{"@type":"SearchAction","target":{"@type":"EntryPoint","urlTemplate":"https:\/\/www.mostra-mi.it\/?s={search_term_string}"},"query-input":{"@type":"PropertyValueSpecification","valueRequired":true,"valueName":"search_term_string"}}],"inLanguage":"en-GB"},{"@type":"Organization","@id":"https:\/\/www.mostra-mi.it\/#organization","name":"Mostrami","url":"https:\/\/www.mostra-mi.it\/","logo":{"@type":"ImageObject","inLanguage":"en-GB","@id":"https:\/\/www.mostra-mi.it\/#\/schema\/logo\/image\/","url":"","contentUrl":"","caption":"Mostrami"},"image":{"@id":"https:\/\/www.mostra-mi.it\/#\/schema\/logo\/image\/"}},{"@type":"Person","@id":"https:\/\/www.mostra-mi.it\/#\/schema\/person\/e2481d247000e3f91ca0317a1a7ae73e","name":"Mostrami gestione","image":{"@type":"ImageObject","inLanguage":"en-GB","@id":"https:\/\/secure.gravatar.com\/avatar\/6cfd9eb7d613f85253ce435929abab60fa2327e00093a372a20c3af3939bc280?s=96&d=mm&r=g","url":"https:\/\/secure.gravatar.com\/avatar\/6cfd9eb7d613f85253ce435929abab60fa2327e00093a372a20c3af3939bc280?s=96&d=mm&r=g","contentUrl":"https:\/\/secure.gravatar.com\/avatar\/6cfd9eb7d613f85253ce435929abab60fa2327e00093a372a20c3af3939bc280?s=96&d=mm&r=g","caption":"Mostrami gestione"},"url":"https:\/\/www.mostra-mi.it\/en\/author\/mostrami-gestione"}]}},"_links":{"self":[{"href":"https:\/\/www.mostra-mi.it\/en\/wp-json\/wp\/v2\/posts\/47574","targetHints":{"allow":["GET"]}}],"collection":[{"href":"https:\/\/www.mostra-mi.it\/en\/wp-json\/wp\/v2\/posts"}],"about":[{"href":"https:\/\/www.mostra-mi.it\/en\/wp-json\/wp\/v2\/types\/post"}],"author":[{"embeddable":true,"href":"https:\/\/www.mostra-mi.it\/en\/wp-json\/wp\/v2\/users\/1942"}],"replies":[{"embeddable":true,"href":"https:\/\/www.mostra-mi.it\/en\/wp-json\/wp\/v2\/comments?post=47574"}],"version-history":[{"count":14,"href":"https:\/\/www.mostra-mi.it\/en\/wp-json\/wp\/v2\/posts\/47574\/revisions"}],"predecessor-version":[{"id":47647,"href":"https:\/\/www.mostra-mi.it\/en\/wp-json\/wp\/v2\/posts\/47574\/revisions\/47647"}],"wp:featuredmedia":[{"embeddable":true,"href":"https:\/\/www.mostra-mi.it\/en\/wp-json\/wp\/v2\/media\/47649"}],"wp:attachment":[{"href":"https:\/\/www.mostra-mi.it\/en\/wp-json\/wp\/v2\/media?parent=47574"}],"wp:term":[{"taxonomy":"category","embeddable":true,"href":"https:\/\/www.mostra-mi.it\/en\/wp-json\/wp\/v2\/categories?post=47574"},{"taxonomy":"post_tag","embeddable":true,"href":"https:\/\/www.mostra-mi.it\/en\/wp-json\/wp\/v2\/tags?post=47574"}],"curies":[{"name":"wp","href":"https:\/\/api.w.org\/{rel}","templated":true}]}}