{"id":4506,"date":"2013-01-11T08:40:13","date_gmt":"2013-01-11T07:40:13","guid":{"rendered":"https:\/\/mostra-mi.it\/?p=4506"},"modified":"2021-02-24T18:28:32","modified_gmt":"2021-02-24T17:28:32","slug":"incomunicabilita-e-design-intervista-ad-alessandro-d%e2%80%99aquila-%e2%80%93-mostrami-5-%e2%80%93-seconda-parte","status":"publish","type":"post","link":"https:\/\/www.mostra-mi.it\/en\/mostre-dei-nostri-artisti\/incomunicabilita-e-design-intervista-ad-alessandro-d%e2%80%99aquila-%e2%80%93-mostrami-5-%e2%80%93-seconda-parte","title":{"rendered":"Incomunicabilit\u00e0 e design: intervista ad Alessandro D&#8217;Aquila (2a parte)"},"content":{"rendered":"<div class=\"wpb-content-wrapper\"><div class=\"vc_row wpb_row vc_row-fluid container\"><div class=\"wpb_column vc_column_container vc_col-sm-12\"><div class=\"vc_column-inner\"><div class=\"wpb_wrapper\">\n\t<div class=\"wpb_text_column wpb_content_element\" >\n\t\t<div class=\"wpb_wrapper\">\n\t\t\t<p><!--:en--><\/p>\n<p>Speriamo di avervi gi\u00e0 rilassato con i colori e le forme essenziali, ma di avervi provocato almeno un po\u2019. Ecco la seconda parte dell\u2019intervista, in cui Alessandro D\u2019Aquila, artista di MostraMi 5, ci parla di aspirazioni ed obiettivi\u2026ma non tutti.<\/p>\n<p style=\"text-align: center;\"><a href=\"https:\/\/mostra-mi.it\/wp-content\/uploads\/2013\/01\/tumblr_mg2llocEbb1rxljc8o1_500.jpg\"><img decoding=\"async\" class=\"aligncenter size-medium wp-image-4556 lazyload\" title=\"Non disperate mai, 2013\" data-src=\"https:\/\/mostra-mi.it\/wp-content\/uploads\/2013\/01\/tumblr_mg2llocEbb1rxljc8o1_500-300x300.jpg\" alt=\"\" width=\"300\" height=\"300\" data-srcset=\"https:\/\/www.mostra-mi.it\/wp-content\/uploads\/2013\/01\/tumblr_mg2llocEbb1rxljc8o1_500-300x300.jpg 300w, https:\/\/www.mostra-mi.it\/wp-content\/uploads\/2013\/01\/tumblr_mg2llocEbb1rxljc8o1_500-100x100.jpg 100w, https:\/\/www.mostra-mi.it\/wp-content\/uploads\/2013\/01\/tumblr_mg2llocEbb1rxljc8o1_500-150x150.jpg 150w, https:\/\/www.mostra-mi.it\/wp-content\/uploads\/2013\/01\/tumblr_mg2llocEbb1rxljc8o1_500.jpg 500w\" data-sizes=\"(max-width: 300px) 100vw, 300px\" src=\"data:image\/svg+xml;base64,PHN2ZyB3aWR0aD0iMSIgaGVpZ2h0PSIxIiB4bWxucz0iaHR0cDovL3d3dy53My5vcmcvMjAwMC9zdmciPjwvc3ZnPg==\" style=\"--smush-placeholder-width: 300px; --smush-placeholder-aspect-ratio: 300\/300;\" \/><\/a>Non disperate mai, 2013<\/p>\n<p><strong>Ricordi il primo momento in cui hai pensato d\u2019intraprendere questo percorso?<\/strong><\/p>\n<p>Si, \u00e8 un po&#8217; buffo. Ero in un vecchio ascensore e il numero dei piani sui pulsanti si erano completamente consumati, erano rimasti solo quelli in braille. Mi sono sentito cos\u00ec spaesato che ho pensato che il linguaggio braille sarebbe stato il mezzo per comunicare l&#8217;illeggibilit\u00e0 che volevo rappresentare.<\/p>\n<p><strong>Cosa vorresti che uno spettatore vedesse nella tua arte, pi\u00f9 di tutto?<\/strong><\/p>\n<p>Vorrei che si sentisse spaesato, che cercasse di capire perch\u00e9 ho voluto renderlo &#8220;cieco&#8221;. Alla base di ogni lavoro c&#8217;\u00e8 un concetto a cui lo spettatore pu\u00f2 avvicinarsi solo attraverso un percorso difficile, a volte senza riuscire a raggiungerlo. Il mondo ormai ci d\u00e0 tutti i mezzi che riusciamo a immaginare, quando vogliamo qualcosa abbiamo gi\u00e0 pronto il modo di ottenerla. Nei miei lavori la semplicit\u00e0 risiede solo nel significato del testo che compare, molto spesso \u00e8 qualcosa di cristallino, come una piacevole emozione, ma estraneo al mondo ed estraneo allo spettatore, in quanto scritto in un linguaggio criptico. E&#8217; questo che vorrei che si capisse: non tutto ci\u00f2 che \u00e8 facile da ottenere \u00e8 utile. Al contrario, oggi, tutto ci\u00f2 che c&#8217;\u00e8 di semplice \u00e8 difficile da conquistare.<\/p>\n<p style=\"text-align: center;\"><a href=\"https:\/\/mostra-mi.it\/wp-content\/uploads\/2013\/01\/tumblr_mb2ztiDnO51rxljc8o1_500.jpg\"><img decoding=\"async\" class=\"aligncenter size-medium wp-image-4520 lazyload\" title=\"La cosa minore, 2012\" data-src=\"https:\/\/mostra-mi.it\/wp-content\/uploads\/2013\/01\/tumblr_mb2ztiDnO51rxljc8o1_500-300x300.jpg\" alt=\"\" width=\"300\" height=\"300\" data-srcset=\"https:\/\/www.mostra-mi.it\/wp-content\/uploads\/2013\/01\/tumblr_mb2ztiDnO51rxljc8o1_500-300x300.jpg 300w, https:\/\/www.mostra-mi.it\/wp-content\/uploads\/2013\/01\/tumblr_mb2ztiDnO51rxljc8o1_500-100x100.jpg 100w, https:\/\/www.mostra-mi.it\/wp-content\/uploads\/2013\/01\/tumblr_mb2ztiDnO51rxljc8o1_500-150x150.jpg 150w, https:\/\/www.mostra-mi.it\/wp-content\/uploads\/2013\/01\/tumblr_mb2ztiDnO51rxljc8o1_500.jpg 500w\" data-sizes=\"(max-width: 300px) 100vw, 300px\" src=\"data:image\/svg+xml;base64,PHN2ZyB3aWR0aD0iMSIgaGVpZ2h0PSIxIiB4bWxucz0iaHR0cDovL3d3dy53My5vcmcvMjAwMC9zdmciPjwvc3ZnPg==\" style=\"--smush-placeholder-width: 300px; --smush-placeholder-aspect-ratio: 300\/300;\" \/><\/a>La cosa minore, 2012<\/p>\n<p><strong>Leggo di una laurea in Economia appena presa: senza cadere in stereotipi, come vorresti combinare questo mondo a quello artistico?<\/strong><\/p>\n<p>Con i miei studi ho capito che in questo mondo c&#8217;\u00e8 sempre uno scopo secondario. Ogni azione, dal mercato alla politica, ha una sua verit\u00e0 nascosta e reale. Voglio proprio far leva sulle nostre cecit\u00e0, cercando di evidenziarle, anche senza comprenderle. Solo con questa consapevolezza, datami dagli studi, posso intraprendere insieme a chi osserva i miei lavori quest&#8217;operazione di ricerca.<\/p>\n<p><strong>Parlaci del tuo progetto pi\u00f9 recente: la mostra a Pescara.<\/strong><\/p>\n<p>Sto progettando con i ragazzi di The Urban Box di Pescara una mia mostra personale che si terr\u00e0 alla met\u00e0 di questo mese. Sar\u00e0 la prima volta che esporr\u00f2 tanti lavori insieme. Sono molto contento perch\u00e9 sia in questo caso, sia conoscendo voi di MostraMi, mi sono imbattuto in giovani ragazzi che puntano e credono nell&#8217;arte emergente.<\/p>\n<p><strong>Dove ti vedi tra 10 anni? <\/strong><\/p>\n<p>Ho sempre cercato di fare della mia professione e della mia passione per l&#8217;arte una missione di comunicazione. A differenza di tutti gli altri tipi di comunicazione con cui ho a che fare e con cui molti artisti hanno a che fare, cerco, per quanto riguarda i miei lavori, di rompere il mito del messaggio chiaro e semplice. Tra dieci anni mi vedo realizzato nel mio obiettivo : comunicare senza realmente farlo. Se davvero riuscir\u00f2 in questo percorso para-artistico, significa che avr\u00f2 spronato la gente all&#8217;osservazione e alla curiosit\u00e0 e, ovviamente, che avr\u00f2 avuto molte altre occasioni per mostrare ci\u00f2 che faccio. Mi auguro questo e spero, anche tra vent&#8217;anni, di essere sempre curioso come lo sono ora.<\/p>\n<p style=\"text-align: center;\"><a href=\"https:\/\/mostra-mi.it\/wp-content\/uploads\/2013\/01\/tumblr_mcb8eiD1eN1rxljc8o1_500.jpg\"><img decoding=\"async\" class=\"aligncenter size-medium wp-image-4521 lazyload\" title=\"Foto di Riccardo Wikka D\u2019Aquila\" data-src=\"https:\/\/mostra-mi.it\/wp-content\/uploads\/2013\/01\/tumblr_mcb8eiD1eN1rxljc8o1_500-300x199.jpg\" alt=\"\" width=\"300\" height=\"199\" data-srcset=\"https:\/\/www.mostra-mi.it\/wp-content\/uploads\/2013\/01\/tumblr_mcb8eiD1eN1rxljc8o1_500-300x199.jpg 300w, https:\/\/www.mostra-mi.it\/wp-content\/uploads\/2013\/01\/tumblr_mcb8eiD1eN1rxljc8o1_500.jpg 500w\" data-sizes=\"(max-width: 300px) 100vw, 300px\" src=\"data:image\/svg+xml;base64,PHN2ZyB3aWR0aD0iMSIgaGVpZ2h0PSIxIiB4bWxucz0iaHR0cDovL3d3dy53My5vcmcvMjAwMC9zdmciPjwvc3ZnPg==\" style=\"--smush-placeholder-width: 300px; --smush-placeholder-aspect-ratio: 300\/199;\" \/><\/a>Foto di Riccardo Wikka D\u2019Aquila<\/p>\n<p><strong>Un desiderio inconfessabile di Alessandro D\u2019Aquila artista?<\/strong><\/p>\n<p>Il vero desiderio inconfessabile? Te lo scrivo in braille?<\/p>\n<p><a href=\"http:\/\/www.youtube.com\/watch?v=V_dqjlfRF0Q\">MostraMi 5 &#8211; Artisti danno luce alla legalit\u00e0<\/a><!--:--><\/p>\n\n\t\t<\/div>\n\t<\/div>\n<\/div><\/div><\/div><\/div>\n<\/div>","protected":false},"excerpt":{"rendered":"Speriamo di avervi gi\u00e0 rilassato con i colori e le forme essenziali, ma di avervi provocato almeno un po\u2019. Ecco la seconda parte dell\u2019intervista, in cui Alessandro D\u2019Aquila, artista di MostraMi 5, ci parla di aspirazioni ed obiettivi\u2026ma non tutti....","protected":false},"author":1126,"featured_media":33453,"comment_status":"open","ping_status":"closed","sticky":false,"template":"","format":"standard","meta":{"footnotes":""},"categories":[520],"tags":[159,765,1089],"class_list":["post-4506","post","type-post","status-publish","format-standard","has-post-thumbnail","hentry","category-mostre-dei-nostri-artisti","tag-arte-contemporanea","tag-giovani-artisti","tag-giovane-arte"],"yoast_head":"<!-- This site is optimized with the Yoast SEO plugin v27.5 - https:\/\/yoast.com\/product\/yoast-seo-wordpress\/ -->\n<title>Incomunicabilit\u00e0 e design: intervista ad Alessandro D&#039;Aquila (2a parte)<\/title>\n<meta name=\"robots\" content=\"index, follow, max-snippet:-1, max-image-preview:large, max-video-preview:-1\" \/>\n<link rel=\"canonical\" href=\"https:\/\/www.mostra-mi.it\/en\/mostre-dei-nostri-artisti\/incomunicabilita-e-design-intervista-ad-alessandro-d\u2019aquila-\u2013-mostrami-5-\u2013-seconda-parte\/\" \/>\n<meta property=\"og:locale\" content=\"en_GB\" \/>\n<meta property=\"og:type\" content=\"article\" \/>\n<meta property=\"og:title\" content=\"Incomunicabilit\u00e0 e design: intervista ad Alessandro D&#039;Aquila (2a parte)\" \/>\n<meta property=\"og:url\" content=\"https:\/\/www.mostra-mi.it\/en\/mostre-dei-nostri-artisti\/incomunicabilita-e-design-intervista-ad-alessandro-d\u2019aquila-\u2013-mostrami-5-\u2013-seconda-parte\/\" \/>\n<meta property=\"og:site_name\" content=\"Mostrami\" \/>\n<meta property=\"article:published_time\" content=\"2013-01-11T07:40:13+00:00\" \/>\n<meta property=\"article:modified_time\" content=\"2021-02-24T17:28:32+00:00\" \/>\n<meta property=\"og:image\" content=\"https:\/\/www.mostra-mi.it\/wp-content\/uploads\/mostrami-arte-giovane-italia-2.jpg\" \/>\n\t<meta property=\"og:image:width\" content=\"588\" \/>\n\t<meta property=\"og:image:height\" content=\"388\" \/>\n\t<meta property=\"og:image:type\" content=\"image\/jpeg\" \/>\n<meta name=\"author\" content=\"segreteria\" \/>\n<meta name=\"twitter:card\" content=\"summary_large_image\" \/>\n<meta name=\"twitter:label1\" content=\"Written by\" \/>\n\t<meta name=\"twitter:data1\" content=\"segreteria\" \/>\n\t<meta name=\"twitter:label2\" content=\"Estimated reading time\" \/>\n\t<meta name=\"twitter:data2\" content=\"4 minutes\" \/>\n<script type=\"application\/ld+json\" class=\"yoast-schema-graph\">{\"@context\":\"https:\\\/\\\/schema.org\",\"@graph\":[{\"@type\":\"Article\",\"@id\":\"https:\\\/\\\/www.mostra-mi.it\\\/mostre-dei-nostri-artisti\\\/incomunicabilita-e-design-intervista-ad-alessandro-d%e2%80%99aquila-%e2%80%93-mostrami-5-%e2%80%93-seconda-parte#article\",\"isPartOf\":{\"@id\":\"https:\\\/\\\/www.mostra-mi.it\\\/mostre-dei-nostri-artisti\\\/incomunicabilita-e-design-intervista-ad-alessandro-d%e2%80%99aquila-%e2%80%93-mostrami-5-%e2%80%93-seconda-parte\"},\"author\":{\"name\":\"segreteria\",\"@id\":\"https:\\\/\\\/www.mostra-mi.it\\\/#\\\/schema\\\/person\\\/188b208ca5b08b2903c157fe397fb5a7\"},\"headline\":\"Incomunicabilit\u00e0 e design: intervista ad Alessandro D&#8217;Aquila (2a parte)\",\"datePublished\":\"2013-01-11T07:40:13+00:00\",\"dateModified\":\"2021-02-24T17:28:32+00:00\",\"mainEntityOfPage\":{\"@id\":\"https:\\\/\\\/www.mostra-mi.it\\\/mostre-dei-nostri-artisti\\\/incomunicabilita-e-design-intervista-ad-alessandro-d%e2%80%99aquila-%e2%80%93-mostrami-5-%e2%80%93-seconda-parte\"},\"wordCount\":574,\"commentCount\":1,\"publisher\":{\"@id\":\"https:\\\/\\\/www.mostra-mi.it\\\/#organization\"},\"image\":{\"@id\":\"https:\\\/\\\/www.mostra-mi.it\\\/mostre-dei-nostri-artisti\\\/incomunicabilita-e-design-intervista-ad-alessandro-d%e2%80%99aquila-%e2%80%93-mostrami-5-%e2%80%93-seconda-parte#primaryimage\"},\"thumbnailUrl\":\"https:\\\/\\\/www.mostra-mi.it\\\/wp-content\\\/uploads\\\/mostrami-arte-giovane-italia-2.jpg\",\"keywords\":[\"arte contemporanea\",\"giovani artisti\",\"giovane arte\"],\"articleSection\":[\"Mostre dei nostri artisti\"],\"inLanguage\":\"en-GB\",\"potentialAction\":[{\"@type\":\"CommentAction\",\"name\":\"Comment\",\"target\":[\"https:\\\/\\\/www.mostra-mi.it\\\/mostre-dei-nostri-artisti\\\/incomunicabilita-e-design-intervista-ad-alessandro-d%e2%80%99aquila-%e2%80%93-mostrami-5-%e2%80%93-seconda-parte#respond\"]}]},{\"@type\":\"WebPage\",\"@id\":\"https:\\\/\\\/www.mostra-mi.it\\\/mostre-dei-nostri-artisti\\\/incomunicabilita-e-design-intervista-ad-alessandro-d%e2%80%99aquila-%e2%80%93-mostrami-5-%e2%80%93-seconda-parte\",\"url\":\"https:\\\/\\\/www.mostra-mi.it\\\/mostre-dei-nostri-artisti\\\/incomunicabilita-e-design-intervista-ad-alessandro-d%e2%80%99aquila-%e2%80%93-mostrami-5-%e2%80%93-seconda-parte\",\"name\":\"Incomunicabilit\u00e0 e design: intervista ad Alessandro D'Aquila (2a parte)\",\"isPartOf\":{\"@id\":\"https:\\\/\\\/www.mostra-mi.it\\\/#website\"},\"primaryImageOfPage\":{\"@id\":\"https:\\\/\\\/www.mostra-mi.it\\\/mostre-dei-nostri-artisti\\\/incomunicabilita-e-design-intervista-ad-alessandro-d%e2%80%99aquila-%e2%80%93-mostrami-5-%e2%80%93-seconda-parte#primaryimage\"},\"image\":{\"@id\":\"https:\\\/\\\/www.mostra-mi.it\\\/mostre-dei-nostri-artisti\\\/incomunicabilita-e-design-intervista-ad-alessandro-d%e2%80%99aquila-%e2%80%93-mostrami-5-%e2%80%93-seconda-parte#primaryimage\"},\"thumbnailUrl\":\"https:\\\/\\\/www.mostra-mi.it\\\/wp-content\\\/uploads\\\/mostrami-arte-giovane-italia-2.jpg\",\"datePublished\":\"2013-01-11T07:40:13+00:00\",\"dateModified\":\"2021-02-24T17:28:32+00:00\",\"breadcrumb\":{\"@id\":\"https:\\\/\\\/www.mostra-mi.it\\\/mostre-dei-nostri-artisti\\\/incomunicabilita-e-design-intervista-ad-alessandro-d%e2%80%99aquila-%e2%80%93-mostrami-5-%e2%80%93-seconda-parte#breadcrumb\"},\"inLanguage\":\"en-GB\",\"potentialAction\":[{\"@type\":\"ReadAction\",\"target\":[\"https:\\\/\\\/www.mostra-mi.it\\\/mostre-dei-nostri-artisti\\\/incomunicabilita-e-design-intervista-ad-alessandro-d%e2%80%99aquila-%e2%80%93-mostrami-5-%e2%80%93-seconda-parte\"]}]},{\"@type\":\"ImageObject\",\"inLanguage\":\"en-GB\",\"@id\":\"https:\\\/\\\/www.mostra-mi.it\\\/mostre-dei-nostri-artisti\\\/incomunicabilita-e-design-intervista-ad-alessandro-d%e2%80%99aquila-%e2%80%93-mostrami-5-%e2%80%93-seconda-parte#primaryimage\",\"url\":\"https:\\\/\\\/www.mostra-mi.it\\\/wp-content\\\/uploads\\\/mostrami-arte-giovane-italia-2.jpg\",\"contentUrl\":\"https:\\\/\\\/www.mostra-mi.it\\\/wp-content\\\/uploads\\\/mostrami-arte-giovane-italia-2.jpg\",\"width\":588,\"height\":388},{\"@type\":\"BreadcrumbList\",\"@id\":\"https:\\\/\\\/www.mostra-mi.it\\\/mostre-dei-nostri-artisti\\\/incomunicabilita-e-design-intervista-ad-alessandro-d%e2%80%99aquila-%e2%80%93-mostrami-5-%e2%80%93-seconda-parte#breadcrumb\",\"itemListElement\":[{\"@type\":\"ListItem\",\"position\":1,\"name\":\"Home\",\"item\":\"https:\\\/\\\/www.mostra-mi.it\\\/\"},{\"@type\":\"ListItem\",\"position\":2,\"name\":\"Incomunicabilit\u00e0 e design: intervista ad Alessandro D&#8217;Aquila (2a parte)\"}]},{\"@type\":\"WebSite\",\"@id\":\"https:\\\/\\\/www.mostra-mi.it\\\/#website\",\"url\":\"https:\\\/\\\/www.mostra-mi.it\\\/\",\"name\":\"Mostrami\",\"description\":\"Mostrami, galleria che si propone come vetrina per giovani artisti\",\"publisher\":{\"@id\":\"https:\\\/\\\/www.mostra-mi.it\\\/#organization\"},\"potentialAction\":[{\"@type\":\"SearchAction\",\"target\":{\"@type\":\"EntryPoint\",\"urlTemplate\":\"https:\\\/\\\/www.mostra-mi.it\\\/?s={search_term_string}\"},\"query-input\":{\"@type\":\"PropertyValueSpecification\",\"valueRequired\":true,\"valueName\":\"search_term_string\"}}],\"inLanguage\":\"en-GB\"},{\"@type\":\"Organization\",\"@id\":\"https:\\\/\\\/www.mostra-mi.it\\\/#organization\",\"name\":\"Mostrami\",\"url\":\"https:\\\/\\\/www.mostra-mi.it\\\/\",\"logo\":{\"@type\":\"ImageObject\",\"inLanguage\":\"en-GB\",\"@id\":\"https:\\\/\\\/www.mostra-mi.it\\\/#\\\/schema\\\/logo\\\/image\\\/\",\"url\":\"\",\"contentUrl\":\"\",\"caption\":\"Mostrami\"},\"image\":{\"@id\":\"https:\\\/\\\/www.mostra-mi.it\\\/#\\\/schema\\\/logo\\\/image\\\/\"}},{\"@type\":\"Person\",\"@id\":\"https:\\\/\\\/www.mostra-mi.it\\\/#\\\/schema\\\/person\\\/188b208ca5b08b2903c157fe397fb5a7\",\"name\":\"segreteria\",\"image\":{\"@type\":\"ImageObject\",\"inLanguage\":\"en-GB\",\"@id\":\"https:\\\/\\\/secure.gravatar.com\\\/avatar\\\/0822c4ed3a0b5a5c6476387e5d35553e625e39de05f99a140965c1a5d5839d12?s=96&d=mm&r=g\",\"url\":\"https:\\\/\\\/secure.gravatar.com\\\/avatar\\\/0822c4ed3a0b5a5c6476387e5d35553e625e39de05f99a140965c1a5d5839d12?s=96&d=mm&r=g\",\"contentUrl\":\"https:\\\/\\\/secure.gravatar.com\\\/avatar\\\/0822c4ed3a0b5a5c6476387e5d35553e625e39de05f99a140965c1a5d5839d12?s=96&d=mm&r=g\",\"caption\":\"segreteria\"},\"url\":\"https:\\\/\\\/www.mostra-mi.it\\\/en\\\/author\\\/segreteria\"}]}<\/script>\n<!-- \/ Yoast SEO plugin. -->","yoast_head_json":{"title":"Incomunicabilit\u00e0 e design: intervista ad Alessandro D'Aquila (2a parte)","robots":{"index":"index","follow":"follow","max-snippet":"max-snippet:-1","max-image-preview":"max-image-preview:large","max-video-preview":"max-video-preview:-1"},"canonical":"https:\/\/www.mostra-mi.it\/en\/mostre-dei-nostri-artisti\/incomunicabilita-e-design-intervista-ad-alessandro-d\u2019aquila-\u2013-mostrami-5-\u2013-seconda-parte\/","og_locale":"en_GB","og_type":"article","og_title":"Incomunicabilit\u00e0 e design: intervista ad Alessandro D'Aquila (2a parte)","og_url":"https:\/\/www.mostra-mi.it\/en\/mostre-dei-nostri-artisti\/incomunicabilita-e-design-intervista-ad-alessandro-d\u2019aquila-\u2013-mostrami-5-\u2013-seconda-parte\/","og_site_name":"Mostrami","article_published_time":"2013-01-11T07:40:13+00:00","article_modified_time":"2021-02-24T17:28:32+00:00","og_image":[{"width":588,"height":388,"url":"https:\/\/www.mostra-mi.it\/wp-content\/uploads\/mostrami-arte-giovane-italia-2.jpg","type":"image\/jpeg"}],"author":"segreteria","twitter_card":"summary_large_image","twitter_misc":{"Written by":"segreteria","Estimated reading time":"4 minutes"},"schema":{"@context":"https:\/\/schema.org","@graph":[{"@type":"Article","@id":"https:\/\/www.mostra-mi.it\/mostre-dei-nostri-artisti\/incomunicabilita-e-design-intervista-ad-alessandro-d%e2%80%99aquila-%e2%80%93-mostrami-5-%e2%80%93-seconda-parte#article","isPartOf":{"@id":"https:\/\/www.mostra-mi.it\/mostre-dei-nostri-artisti\/incomunicabilita-e-design-intervista-ad-alessandro-d%e2%80%99aquila-%e2%80%93-mostrami-5-%e2%80%93-seconda-parte"},"author":{"name":"segreteria","@id":"https:\/\/www.mostra-mi.it\/#\/schema\/person\/188b208ca5b08b2903c157fe397fb5a7"},"headline":"Incomunicabilit\u00e0 e design: intervista ad Alessandro D&#8217;Aquila (2a parte)","datePublished":"2013-01-11T07:40:13+00:00","dateModified":"2021-02-24T17:28:32+00:00","mainEntityOfPage":{"@id":"https:\/\/www.mostra-mi.it\/mostre-dei-nostri-artisti\/incomunicabilita-e-design-intervista-ad-alessandro-d%e2%80%99aquila-%e2%80%93-mostrami-5-%e2%80%93-seconda-parte"},"wordCount":574,"commentCount":1,"publisher":{"@id":"https:\/\/www.mostra-mi.it\/#organization"},"image":{"@id":"https:\/\/www.mostra-mi.it\/mostre-dei-nostri-artisti\/incomunicabilita-e-design-intervista-ad-alessandro-d%e2%80%99aquila-%e2%80%93-mostrami-5-%e2%80%93-seconda-parte#primaryimage"},"thumbnailUrl":"https:\/\/www.mostra-mi.it\/wp-content\/uploads\/mostrami-arte-giovane-italia-2.jpg","keywords":["arte contemporanea","giovani artisti","giovane arte"],"articleSection":["Mostre dei nostri artisti"],"inLanguage":"en-GB","potentialAction":[{"@type":"CommentAction","name":"Comment","target":["https:\/\/www.mostra-mi.it\/mostre-dei-nostri-artisti\/incomunicabilita-e-design-intervista-ad-alessandro-d%e2%80%99aquila-%e2%80%93-mostrami-5-%e2%80%93-seconda-parte#respond"]}]},{"@type":"WebPage","@id":"https:\/\/www.mostra-mi.it\/mostre-dei-nostri-artisti\/incomunicabilita-e-design-intervista-ad-alessandro-d%e2%80%99aquila-%e2%80%93-mostrami-5-%e2%80%93-seconda-parte","url":"https:\/\/www.mostra-mi.it\/mostre-dei-nostri-artisti\/incomunicabilita-e-design-intervista-ad-alessandro-d%e2%80%99aquila-%e2%80%93-mostrami-5-%e2%80%93-seconda-parte","name":"Incomunicabilit\u00e0 e design: intervista ad Alessandro D'Aquila (2a parte)","isPartOf":{"@id":"https:\/\/www.mostra-mi.it\/#website"},"primaryImageOfPage":{"@id":"https:\/\/www.mostra-mi.it\/mostre-dei-nostri-artisti\/incomunicabilita-e-design-intervista-ad-alessandro-d%e2%80%99aquila-%e2%80%93-mostrami-5-%e2%80%93-seconda-parte#primaryimage"},"image":{"@id":"https:\/\/www.mostra-mi.it\/mostre-dei-nostri-artisti\/incomunicabilita-e-design-intervista-ad-alessandro-d%e2%80%99aquila-%e2%80%93-mostrami-5-%e2%80%93-seconda-parte#primaryimage"},"thumbnailUrl":"https:\/\/www.mostra-mi.it\/wp-content\/uploads\/mostrami-arte-giovane-italia-2.jpg","datePublished":"2013-01-11T07:40:13+00:00","dateModified":"2021-02-24T17:28:32+00:00","breadcrumb":{"@id":"https:\/\/www.mostra-mi.it\/mostre-dei-nostri-artisti\/incomunicabilita-e-design-intervista-ad-alessandro-d%e2%80%99aquila-%e2%80%93-mostrami-5-%e2%80%93-seconda-parte#breadcrumb"},"inLanguage":"en-GB","potentialAction":[{"@type":"ReadAction","target":["https:\/\/www.mostra-mi.it\/mostre-dei-nostri-artisti\/incomunicabilita-e-design-intervista-ad-alessandro-d%e2%80%99aquila-%e2%80%93-mostrami-5-%e2%80%93-seconda-parte"]}]},{"@type":"ImageObject","inLanguage":"en-GB","@id":"https:\/\/www.mostra-mi.it\/mostre-dei-nostri-artisti\/incomunicabilita-e-design-intervista-ad-alessandro-d%e2%80%99aquila-%e2%80%93-mostrami-5-%e2%80%93-seconda-parte#primaryimage","url":"https:\/\/www.mostra-mi.it\/wp-content\/uploads\/mostrami-arte-giovane-italia-2.jpg","contentUrl":"https:\/\/www.mostra-mi.it\/wp-content\/uploads\/mostrami-arte-giovane-italia-2.jpg","width":588,"height":388},{"@type":"BreadcrumbList","@id":"https:\/\/www.mostra-mi.it\/mostre-dei-nostri-artisti\/incomunicabilita-e-design-intervista-ad-alessandro-d%e2%80%99aquila-%e2%80%93-mostrami-5-%e2%80%93-seconda-parte#breadcrumb","itemListElement":[{"@type":"ListItem","position":1,"name":"Home","item":"https:\/\/www.mostra-mi.it\/"},{"@type":"ListItem","position":2,"name":"Incomunicabilit\u00e0 e design: intervista ad Alessandro D&#8217;Aquila (2a parte)"}]},{"@type":"WebSite","@id":"https:\/\/www.mostra-mi.it\/#website","url":"https:\/\/www.mostra-mi.it\/","name":"Mostrami","description":"Mostrami, galleria che si propone come vetrina per giovani artisti","publisher":{"@id":"https:\/\/www.mostra-mi.it\/#organization"},"potentialAction":[{"@type":"SearchAction","target":{"@type":"EntryPoint","urlTemplate":"https:\/\/www.mostra-mi.it\/?s={search_term_string}"},"query-input":{"@type":"PropertyValueSpecification","valueRequired":true,"valueName":"search_term_string"}}],"inLanguage":"en-GB"},{"@type":"Organization","@id":"https:\/\/www.mostra-mi.it\/#organization","name":"Mostrami","url":"https:\/\/www.mostra-mi.it\/","logo":{"@type":"ImageObject","inLanguage":"en-GB","@id":"https:\/\/www.mostra-mi.it\/#\/schema\/logo\/image\/","url":"","contentUrl":"","caption":"Mostrami"},"image":{"@id":"https:\/\/www.mostra-mi.it\/#\/schema\/logo\/image\/"}},{"@type":"Person","@id":"https:\/\/www.mostra-mi.it\/#\/schema\/person\/188b208ca5b08b2903c157fe397fb5a7","name":"segreteria","image":{"@type":"ImageObject","inLanguage":"en-GB","@id":"https:\/\/secure.gravatar.com\/avatar\/0822c4ed3a0b5a5c6476387e5d35553e625e39de05f99a140965c1a5d5839d12?s=96&d=mm&r=g","url":"https:\/\/secure.gravatar.com\/avatar\/0822c4ed3a0b5a5c6476387e5d35553e625e39de05f99a140965c1a5d5839d12?s=96&d=mm&r=g","contentUrl":"https:\/\/secure.gravatar.com\/avatar\/0822c4ed3a0b5a5c6476387e5d35553e625e39de05f99a140965c1a5d5839d12?s=96&d=mm&r=g","caption":"segreteria"},"url":"https:\/\/www.mostra-mi.it\/en\/author\/segreteria"}]}},"_links":{"self":[{"href":"https:\/\/www.mostra-mi.it\/en\/wp-json\/wp\/v2\/posts\/4506","targetHints":{"allow":["GET"]}}],"collection":[{"href":"https:\/\/www.mostra-mi.it\/en\/wp-json\/wp\/v2\/posts"}],"about":[{"href":"https:\/\/www.mostra-mi.it\/en\/wp-json\/wp\/v2\/types\/post"}],"author":[{"embeddable":true,"href":"https:\/\/www.mostra-mi.it\/en\/wp-json\/wp\/v2\/users\/1126"}],"replies":[{"embeddable":true,"href":"https:\/\/www.mostra-mi.it\/en\/wp-json\/wp\/v2\/comments?post=4506"}],"version-history":[{"count":0,"href":"https:\/\/www.mostra-mi.it\/en\/wp-json\/wp\/v2\/posts\/4506\/revisions"}],"wp:featuredmedia":[{"embeddable":true,"href":"https:\/\/www.mostra-mi.it\/en\/wp-json\/wp\/v2\/media\/33453"}],"wp:attachment":[{"href":"https:\/\/www.mostra-mi.it\/en\/wp-json\/wp\/v2\/media?parent=4506"}],"wp:term":[{"taxonomy":"category","embeddable":true,"href":"https:\/\/www.mostra-mi.it\/en\/wp-json\/wp\/v2\/categories?post=4506"},{"taxonomy":"post_tag","embeddable":true,"href":"https:\/\/www.mostra-mi.it\/en\/wp-json\/wp\/v2\/tags?post=4506"}],"curies":[{"name":"wp","href":"https:\/\/api.w.org\/{rel}","templated":true}]}}