{"id":2083,"date":"2011-10-15T12:51:58","date_gmt":"2011-10-15T12:51:58","guid":{"rendered":"https:\/\/mostra-mi.it\/?p=2083"},"modified":"2020-06-05T17:47:29","modified_gmt":"2020-06-05T15:47:29","slug":"dario-bonfantino","status":"publish","type":"post","link":"https:\/\/www.mostra-mi.it\/en\/artisti\/dario-bonfantino","title":{"rendered":"Dario Buonfantino"},"content":{"rendered":"<p><!--:it-->Dario Buonfantino nato a Napoli il 19 luglio 1980. Laureato in Economia e Commercio. Svolge la professione di dottore commercialista.<br \/>\nLa passione per la fotografia nacque per caso durante un viaggio in Yucatan nel 2008 quando, colpito da un volto segnato dal tempo, chiese in prestito una macchina fotografica e\u2026 click! Per questo motivo, per lui, fotografare e viaggiare sono strettamente connessi. Da allora il suo intento \u00e8 di girovagare con lo spirito del viaggiatore\u2026 e quindi di entrare in contatto con luoghi e persone, disarmato e pronto ad assaporare qualsiasi esperienza questi vogliano riservargli.<br \/>\n\u201dLa vera conquista dell\u2019Uomo \u00e8 di riuscire a dialogare con chi \u00e8 diverso per poi trovarsi a riscoprire problemi comuni ed emozioni comuni. La civilt\u00e0 nasce dal confronto\u201d.<br \/>\n\u201dOgnuno di questi scatti racconta una storia\u2026 Un giorno, spero, raccontino la mia\u201d. <!--:--><\/p>","protected":false},"excerpt":{"rendered":"<p>Dario Buonfantino nato a Napoli il 19 luglio 1980. Laureato in Economia e Commercio. Svolge la professione di dottore commercialista. La passione per la fotografia nacque per caso durante un viaggio in Yucatan nel 2008 quando, colpito da un volto&#8230;<\/p>","protected":false},"author":75,"featured_media":29165,"comment_status":"open","ping_status":"closed","sticky":false,"template":"","format":"standard","meta":{"footnotes":""},"categories":[96,92],"tags":[159,171,211],"class_list":["post-2083","post","type-post","status-publish","format-standard","has-post-thumbnail","hentry","category-fotografia","category-artisti","tag-arte-contemporanea","tag-fotografia-contemporanea","tag-giovane-artista"],"yoast_head":"<!-- This site is optimized with the Yoast SEO plugin v27.5 - https:\/\/yoast.com\/product\/yoast-seo-wordpress\/ -->\n<title>Dario Buonfantino - Mostrami<\/title>\n<meta name=\"description\" content=\"La passione per la fotografia nacque per caso durante un viaggio in Yucatan nel 2008. Per questo motivo fotografare e viaggiare sono strettamente connessi\" \/>\n<meta name=\"robots\" content=\"index, follow, max-snippet:-1, max-image-preview:large, max-video-preview:-1\" \/>\n<link rel=\"canonical\" href=\"https:\/\/www.mostra-mi.it\/en\/artisti\/dario-bonfantino\/\" \/>\n<meta property=\"og:locale\" content=\"en_GB\" \/>\n<meta property=\"og:type\" content=\"article\" \/>\n<meta property=\"og:title\" content=\"Dario Buonfantino - Mostrami\" \/>\n<meta property=\"og:description\" content=\"La passione per la fotografia nacque per caso durante un viaggio in Yucatan nel 2008. Per questo motivo fotografare e viaggiare sono strettamente connessi\" \/>\n<meta property=\"og:url\" content=\"https:\/\/www.mostra-mi.it\/en\/artisti\/dario-bonfantino\/\" \/>\n<meta property=\"og:site_name\" content=\"Mostrami\" \/>\n<meta property=\"article:published_time\" content=\"2011-10-15T12:51:58+00:00\" \/>\n<meta property=\"article:modified_time\" content=\"2020-06-05T15:47:29+00:00\" \/>\n<meta property=\"og:image\" content=\"https:\/\/www.mostra-mi.it\/wp-content\/uploads\/1-2.jpg\" \/>\n\t<meta property=\"og:image:width\" content=\"580\" \/>\n\t<meta property=\"og:image:height\" content=\"386\" \/>\n\t<meta property=\"og:image:type\" content=\"image\/jpeg\" \/>\n<meta name=\"author\" content=\"Dario Buonfantino\" \/>\n<meta name=\"twitter:card\" content=\"summary_large_image\" \/>\n<meta name=\"twitter:label1\" content=\"Written by\" \/>\n\t<meta name=\"twitter:data1\" content=\"Dario Buonfantino\" \/>\n\t<meta name=\"twitter:label2\" content=\"Estimated reading time\" \/>\n\t<meta name=\"twitter:data2\" content=\"1 minute\" \/>\n<script type=\"application\/ld+json\" class=\"yoast-schema-graph\">{\"@context\":\"https:\\\/\\\/schema.org\",\"@graph\":[{\"@type\":\"Article\",\"@id\":\"https:\\\/\\\/www.mostra-mi.it\\\/artisti\\\/dario-bonfantino#article\",\"isPartOf\":{\"@id\":\"https:\\\/\\\/www.mostra-mi.it\\\/artisti\\\/dario-bonfantino\"},\"author\":{\"name\":\"Dario Buonfantino\",\"@id\":\"https:\\\/\\\/www.mostra-mi.it\\\/#\\\/schema\\\/person\\\/c4b5a664b27a24e195de01d5ef9ef37c\"},\"headline\":\"Dario Buonfantino\",\"datePublished\":\"2011-10-15T12:51:58+00:00\",\"dateModified\":\"2020-06-05T15:47:29+00:00\",\"mainEntityOfPage\":{\"@id\":\"https:\\\/\\\/www.mostra-mi.it\\\/artisti\\\/dario-bonfantino\"},\"wordCount\":133,\"commentCount\":0,\"publisher\":{\"@id\":\"https:\\\/\\\/www.mostra-mi.it\\\/#organization\"},\"image\":{\"@id\":\"https:\\\/\\\/www.mostra-mi.it\\\/artisti\\\/dario-bonfantino#primaryimage\"},\"thumbnailUrl\":\"https:\\\/\\\/www.mostra-mi.it\\\/wp-content\\\/uploads\\\/1-2.jpg\",\"keywords\":[\"arte contemporanea\",\"fotografia contemporanea\",\"giovane artista\"],\"articleSection\":[\"Fotografia\",\"Artisti\"],\"inLanguage\":\"en-GB\",\"potentialAction\":[{\"@type\":\"CommentAction\",\"name\":\"Comment\",\"target\":[\"https:\\\/\\\/www.mostra-mi.it\\\/artisti\\\/dario-bonfantino#respond\"]}]},{\"@type\":\"WebPage\",\"@id\":\"https:\\\/\\\/www.mostra-mi.it\\\/artisti\\\/dario-bonfantino\",\"url\":\"https:\\\/\\\/www.mostra-mi.it\\\/artisti\\\/dario-bonfantino\",\"name\":\"Dario Buonfantino - Mostrami\",\"isPartOf\":{\"@id\":\"https:\\\/\\\/www.mostra-mi.it\\\/#website\"},\"primaryImageOfPage\":{\"@id\":\"https:\\\/\\\/www.mostra-mi.it\\\/artisti\\\/dario-bonfantino#primaryimage\"},\"image\":{\"@id\":\"https:\\\/\\\/www.mostra-mi.it\\\/artisti\\\/dario-bonfantino#primaryimage\"},\"thumbnailUrl\":\"https:\\\/\\\/www.mostra-mi.it\\\/wp-content\\\/uploads\\\/1-2.jpg\",\"datePublished\":\"2011-10-15T12:51:58+00:00\",\"dateModified\":\"2020-06-05T15:47:29+00:00\",\"description\":\"La passione per la fotografia nacque per caso durante un viaggio in Yucatan nel 2008. Per questo motivo fotografare e viaggiare sono strettamente connessi\",\"breadcrumb\":{\"@id\":\"https:\\\/\\\/www.mostra-mi.it\\\/artisti\\\/dario-bonfantino#breadcrumb\"},\"inLanguage\":\"en-GB\",\"potentialAction\":[{\"@type\":\"ReadAction\",\"target\":[\"https:\\\/\\\/www.mostra-mi.it\\\/artisti\\\/dario-bonfantino\"]}]},{\"@type\":\"ImageObject\",\"inLanguage\":\"en-GB\",\"@id\":\"https:\\\/\\\/www.mostra-mi.it\\\/artisti\\\/dario-bonfantino#primaryimage\",\"url\":\"https:\\\/\\\/www.mostra-mi.it\\\/wp-content\\\/uploads\\\/1-2.jpg\",\"contentUrl\":\"https:\\\/\\\/www.mostra-mi.it\\\/wp-content\\\/uploads\\\/1-2.jpg\",\"width\":580,\"height\":386},{\"@type\":\"BreadcrumbList\",\"@id\":\"https:\\\/\\\/www.mostra-mi.it\\\/artisti\\\/dario-bonfantino#breadcrumb\",\"itemListElement\":[{\"@type\":\"ListItem\",\"position\":1,\"name\":\"Home\",\"item\":\"https:\\\/\\\/www.mostra-mi.it\\\/\"},{\"@type\":\"ListItem\",\"position\":2,\"name\":\"Dario Buonfantino\"}]},{\"@type\":\"WebSite\",\"@id\":\"https:\\\/\\\/www.mostra-mi.it\\\/#website\",\"url\":\"https:\\\/\\\/www.mostra-mi.it\\\/\",\"name\":\"Mostrami\",\"description\":\"Mostrami, galleria che si propone come vetrina per giovani artisti\",\"publisher\":{\"@id\":\"https:\\\/\\\/www.mostra-mi.it\\\/#organization\"},\"potentialAction\":[{\"@type\":\"SearchAction\",\"target\":{\"@type\":\"EntryPoint\",\"urlTemplate\":\"https:\\\/\\\/www.mostra-mi.it\\\/?s={search_term_string}\"},\"query-input\":{\"@type\":\"PropertyValueSpecification\",\"valueRequired\":true,\"valueName\":\"search_term_string\"}}],\"inLanguage\":\"en-GB\"},{\"@type\":\"Organization\",\"@id\":\"https:\\\/\\\/www.mostra-mi.it\\\/#organization\",\"name\":\"Mostrami\",\"url\":\"https:\\\/\\\/www.mostra-mi.it\\\/\",\"logo\":{\"@type\":\"ImageObject\",\"inLanguage\":\"en-GB\",\"@id\":\"https:\\\/\\\/www.mostra-mi.it\\\/#\\\/schema\\\/logo\\\/image\\\/\",\"url\":\"\",\"contentUrl\":\"\",\"caption\":\"Mostrami\"},\"image\":{\"@id\":\"https:\\\/\\\/www.mostra-mi.it\\\/#\\\/schema\\\/logo\\\/image\\\/\"}},{\"@type\":\"Person\",\"@id\":\"https:\\\/\\\/www.mostra-mi.it\\\/#\\\/schema\\\/person\\\/c4b5a664b27a24e195de01d5ef9ef37c\",\"name\":\"Dario Buonfantino\",\"image\":{\"@type\":\"ImageObject\",\"inLanguage\":\"en-GB\",\"@id\":\"https:\\\/\\\/secure.gravatar.com\\\/avatar\\\/f55a25b045321b8da63aeb1529508e9cc22abb90601b58be38c6da433793eb3a?s=96&d=mm&r=g\",\"url\":\"https:\\\/\\\/secure.gravatar.com\\\/avatar\\\/f55a25b045321b8da63aeb1529508e9cc22abb90601b58be38c6da433793eb3a?s=96&d=mm&r=g\",\"contentUrl\":\"https:\\\/\\\/secure.gravatar.com\\\/avatar\\\/f55a25b045321b8da63aeb1529508e9cc22abb90601b58be38c6da433793eb3a?s=96&d=mm&r=g\",\"caption\":\"Dario Buonfantino\"},\"url\":\"https:\\\/\\\/www.mostra-mi.it\\\/en\\\/author\\\/dario-buonfantino\"}]}<\/script>\n<!-- \/ Yoast SEO plugin. -->","yoast_head_json":{"title":"Dario Buonfantino - Mostrami","description":"La passione per la fotografia nacque per caso durante un viaggio in Yucatan nel 2008. Per questo motivo fotografare e viaggiare sono strettamente connessi","robots":{"index":"index","follow":"follow","max-snippet":"max-snippet:-1","max-image-preview":"max-image-preview:large","max-video-preview":"max-video-preview:-1"},"canonical":"https:\/\/www.mostra-mi.it\/en\/artisti\/dario-bonfantino\/","og_locale":"en_GB","og_type":"article","og_title":"Dario Buonfantino - Mostrami","og_description":"La passione per la fotografia nacque per caso durante un viaggio in Yucatan nel 2008. Per questo motivo fotografare e viaggiare sono strettamente connessi","og_url":"https:\/\/www.mostra-mi.it\/en\/artisti\/dario-bonfantino\/","og_site_name":"Mostrami","article_published_time":"2011-10-15T12:51:58+00:00","article_modified_time":"2020-06-05T15:47:29+00:00","og_image":[{"width":580,"height":386,"url":"https:\/\/www.mostra-mi.it\/wp-content\/uploads\/1-2.jpg","type":"image\/jpeg"}],"author":"Dario Buonfantino","twitter_card":"summary_large_image","twitter_misc":{"Written by":"Dario Buonfantino","Estimated reading time":"1 minute"},"schema":{"@context":"https:\/\/schema.org","@graph":[{"@type":"Article","@id":"https:\/\/www.mostra-mi.it\/artisti\/dario-bonfantino#article","isPartOf":{"@id":"https:\/\/www.mostra-mi.it\/artisti\/dario-bonfantino"},"author":{"name":"Dario Buonfantino","@id":"https:\/\/www.mostra-mi.it\/#\/schema\/person\/c4b5a664b27a24e195de01d5ef9ef37c"},"headline":"Dario Buonfantino","datePublished":"2011-10-15T12:51:58+00:00","dateModified":"2020-06-05T15:47:29+00:00","mainEntityOfPage":{"@id":"https:\/\/www.mostra-mi.it\/artisti\/dario-bonfantino"},"wordCount":133,"commentCount":0,"publisher":{"@id":"https:\/\/www.mostra-mi.it\/#organization"},"image":{"@id":"https:\/\/www.mostra-mi.it\/artisti\/dario-bonfantino#primaryimage"},"thumbnailUrl":"https:\/\/www.mostra-mi.it\/wp-content\/uploads\/1-2.jpg","keywords":["arte contemporanea","fotografia contemporanea","giovane artista"],"articleSection":["Fotografia","Artisti"],"inLanguage":"en-GB","potentialAction":[{"@type":"CommentAction","name":"Comment","target":["https:\/\/www.mostra-mi.it\/artisti\/dario-bonfantino#respond"]}]},{"@type":"WebPage","@id":"https:\/\/www.mostra-mi.it\/artisti\/dario-bonfantino","url":"https:\/\/www.mostra-mi.it\/artisti\/dario-bonfantino","name":"Dario Buonfantino - Mostrami","isPartOf":{"@id":"https:\/\/www.mostra-mi.it\/#website"},"primaryImageOfPage":{"@id":"https:\/\/www.mostra-mi.it\/artisti\/dario-bonfantino#primaryimage"},"image":{"@id":"https:\/\/www.mostra-mi.it\/artisti\/dario-bonfantino#primaryimage"},"thumbnailUrl":"https:\/\/www.mostra-mi.it\/wp-content\/uploads\/1-2.jpg","datePublished":"2011-10-15T12:51:58+00:00","dateModified":"2020-06-05T15:47:29+00:00","description":"La passione per la fotografia nacque per caso durante un viaggio in Yucatan nel 2008. Per questo motivo fotografare e viaggiare sono strettamente connessi","breadcrumb":{"@id":"https:\/\/www.mostra-mi.it\/artisti\/dario-bonfantino#breadcrumb"},"inLanguage":"en-GB","potentialAction":[{"@type":"ReadAction","target":["https:\/\/www.mostra-mi.it\/artisti\/dario-bonfantino"]}]},{"@type":"ImageObject","inLanguage":"en-GB","@id":"https:\/\/www.mostra-mi.it\/artisti\/dario-bonfantino#primaryimage","url":"https:\/\/www.mostra-mi.it\/wp-content\/uploads\/1-2.jpg","contentUrl":"https:\/\/www.mostra-mi.it\/wp-content\/uploads\/1-2.jpg","width":580,"height":386},{"@type":"BreadcrumbList","@id":"https:\/\/www.mostra-mi.it\/artisti\/dario-bonfantino#breadcrumb","itemListElement":[{"@type":"ListItem","position":1,"name":"Home","item":"https:\/\/www.mostra-mi.it\/"},{"@type":"ListItem","position":2,"name":"Dario Buonfantino"}]},{"@type":"WebSite","@id":"https:\/\/www.mostra-mi.it\/#website","url":"https:\/\/www.mostra-mi.it\/","name":"Mostrami","description":"Mostrami, galleria che si propone come vetrina per giovani artisti","publisher":{"@id":"https:\/\/www.mostra-mi.it\/#organization"},"potentialAction":[{"@type":"SearchAction","target":{"@type":"EntryPoint","urlTemplate":"https:\/\/www.mostra-mi.it\/?s={search_term_string}"},"query-input":{"@type":"PropertyValueSpecification","valueRequired":true,"valueName":"search_term_string"}}],"inLanguage":"en-GB"},{"@type":"Organization","@id":"https:\/\/www.mostra-mi.it\/#organization","name":"Mostrami","url":"https:\/\/www.mostra-mi.it\/","logo":{"@type":"ImageObject","inLanguage":"en-GB","@id":"https:\/\/www.mostra-mi.it\/#\/schema\/logo\/image\/","url":"","contentUrl":"","caption":"Mostrami"},"image":{"@id":"https:\/\/www.mostra-mi.it\/#\/schema\/logo\/image\/"}},{"@type":"Person","@id":"https:\/\/www.mostra-mi.it\/#\/schema\/person\/c4b5a664b27a24e195de01d5ef9ef37c","name":"Dario Buonfantino","image":{"@type":"ImageObject","inLanguage":"en-GB","@id":"https:\/\/secure.gravatar.com\/avatar\/f55a25b045321b8da63aeb1529508e9cc22abb90601b58be38c6da433793eb3a?s=96&d=mm&r=g","url":"https:\/\/secure.gravatar.com\/avatar\/f55a25b045321b8da63aeb1529508e9cc22abb90601b58be38c6da433793eb3a?s=96&d=mm&r=g","contentUrl":"https:\/\/secure.gravatar.com\/avatar\/f55a25b045321b8da63aeb1529508e9cc22abb90601b58be38c6da433793eb3a?s=96&d=mm&r=g","caption":"Dario Buonfantino"},"url":"https:\/\/www.mostra-mi.it\/en\/author\/dario-buonfantino"}]}},"_links":{"self":[{"href":"https:\/\/www.mostra-mi.it\/en\/wp-json\/wp\/v2\/posts\/2083","targetHints":{"allow":["GET"]}}],"collection":[{"href":"https:\/\/www.mostra-mi.it\/en\/wp-json\/wp\/v2\/posts"}],"about":[{"href":"https:\/\/www.mostra-mi.it\/en\/wp-json\/wp\/v2\/types\/post"}],"author":[{"embeddable":true,"href":"https:\/\/www.mostra-mi.it\/en\/wp-json\/wp\/v2\/users\/75"}],"replies":[{"embeddable":true,"href":"https:\/\/www.mostra-mi.it\/en\/wp-json\/wp\/v2\/comments?post=2083"}],"version-history":[{"count":0,"href":"https:\/\/www.mostra-mi.it\/en\/wp-json\/wp\/v2\/posts\/2083\/revisions"}],"wp:featuredmedia":[{"embeddable":true,"href":"https:\/\/www.mostra-mi.it\/en\/wp-json\/wp\/v2\/media\/29165"}],"wp:attachment":[{"href":"https:\/\/www.mostra-mi.it\/en\/wp-json\/wp\/v2\/media?parent=2083"}],"wp:term":[{"taxonomy":"category","embeddable":true,"href":"https:\/\/www.mostra-mi.it\/en\/wp-json\/wp\/v2\/categories?post=2083"},{"taxonomy":"post_tag","embeddable":true,"href":"https:\/\/www.mostra-mi.it\/en\/wp-json\/wp\/v2\/tags?post=2083"}],"curies":[{"name":"wp","href":"https:\/\/api.w.org\/{rel}","templated":true}]}}