{"id":12736,"date":"2015-07-04T13:02:51","date_gmt":"2015-07-04T13:02:51","guid":{"rendered":"https:\/\/mostra-mi.it\/?p=12736"},"modified":"2021-05-14T18:53:14","modified_gmt":"2021-05-14T16:53:14","slug":"roberta-baldaro","status":"publish","type":"post","link":"https:\/\/www.mostra-mi.it\/en\/artisti\/roberta-baldaro","title":{"rendered":"Roberta Baldaro"},"content":{"rendered":"<p><!--:en--><\/p>\n<p><!--:--><!--:it-->Scatto esclusivamente in bianco e nero perch\u00e9 ne apprezzo la rigorosit\u00e0 e trovo nelle tonalit\u00e0 del grigio le medesime sfumature degli individui: mai troppo differenti, mai troppo simili. Ogni lavoro fotografico inizia e si conclude entro una narrazione, un ciclo di immagini, spesso voluminoso, che esplora, attraversa e esaurisce un tema per consumarlo: il paesaggio urbano e quello domestico, rappresentano le scene pi\u00f9 consone a questa ricognizione.<!--:--><\/p>","protected":false},"excerpt":{"rendered":"<p>Scatto esclusivamente in bianco e nero perch\u00e9 ne apprezzo la rigorosit\u00e0 e trovo nelle tonalit\u00e0 del grigio le medesime sfumature degli individui: mai troppo differenti, mai troppo simili. Ogni lavoro fotografico inizia e si conclude entro una narrazione, un ciclo&#8230;<\/p>","protected":false},"author":219,"featured_media":40468,"comment_status":"open","ping_status":"closed","sticky":false,"template":"","format":"standard","meta":{"footnotes":""},"categories":[96,92],"tags":[159,171,211],"class_list":["post-12736","post","type-post","status-publish","format-standard","has-post-thumbnail","hentry","category-fotografia","category-artisti","tag-arte-contemporanea","tag-fotografia-contemporanea","tag-giovane-artista"],"yoast_head":"<!-- This site is optimized with the Yoast SEO plugin v27.5 - https:\/\/yoast.com\/product\/yoast-seo-wordpress\/ -->\n<title>Roberta Baldaro - Mostrami<\/title>\n<meta name=\"description\" content=\"Ogni lavoro fotografico di Roberta Baldaro inizia e si conclude entro una narrazione, un ciclo di immagini, spesso voluminoso, che esplora, attraversa e esaurisce un tema per consumarlo.\" \/>\n<meta name=\"robots\" content=\"index, follow, max-snippet:-1, max-image-preview:large, max-video-preview:-1\" \/>\n<link rel=\"canonical\" href=\"https:\/\/www.mostra-mi.it\/en\/artisti\/roberta-baldaro\/\" \/>\n<meta property=\"og:locale\" content=\"en_GB\" \/>\n<meta property=\"og:type\" content=\"article\" \/>\n<meta property=\"og:title\" content=\"Roberta Baldaro - Mostrami\" \/>\n<meta property=\"og:description\" content=\"Ogni lavoro fotografico di Roberta Baldaro inizia e si conclude entro una narrazione, un ciclo di immagini, spesso voluminoso, che esplora, attraversa e esaurisce un tema per consumarlo.\" \/>\n<meta property=\"og:url\" content=\"https:\/\/www.mostra-mi.it\/en\/artisti\/roberta-baldaro\/\" \/>\n<meta property=\"og:site_name\" content=\"Mostrami\" \/>\n<meta property=\"article:published_time\" content=\"2015-07-04T13:02:51+00:00\" \/>\n<meta property=\"article:modified_time\" content=\"2021-05-14T16:53:14+00:00\" \/>\n<meta property=\"og:image\" content=\"https:\/\/www.mostra-mi.it\/wp-content\/uploads\/RobertaBaldaro_2-garbino-1.jpg\" \/>\n\t<meta property=\"og:image:width\" content=\"484\" \/>\n\t<meta property=\"og:image:height\" content=\"315\" \/>\n\t<meta property=\"og:image:type\" content=\"image\/jpeg\" \/>\n<meta name=\"author\" content=\"Roberta Baldaro\" \/>\n<meta name=\"twitter:card\" content=\"summary_large_image\" \/>\n<meta name=\"twitter:label1\" content=\"Written by\" \/>\n\t<meta name=\"twitter:data1\" content=\"Roberta Baldaro\" \/>\n<script type=\"application\/ld+json\" class=\"yoast-schema-graph\">{\"@context\":\"https:\\\/\\\/schema.org\",\"@graph\":[{\"@type\":\"Article\",\"@id\":\"https:\\\/\\\/www.mostra-mi.it\\\/artisti\\\/roberta-baldaro#article\",\"isPartOf\":{\"@id\":\"https:\\\/\\\/www.mostra-mi.it\\\/artisti\\\/roberta-baldaro\"},\"author\":{\"name\":\"Roberta Baldaro\",\"@id\":\"https:\\\/\\\/www.mostra-mi.it\\\/#\\\/schema\\\/person\\\/cd8f1526e249ebccf7c76a68ae925039\"},\"headline\":\"Roberta Baldaro\",\"datePublished\":\"2015-07-04T13:02:51+00:00\",\"dateModified\":\"2021-05-14T16:53:14+00:00\",\"mainEntityOfPage\":{\"@id\":\"https:\\\/\\\/www.mostra-mi.it\\\/artisti\\\/roberta-baldaro\"},\"wordCount\":69,\"commentCount\":0,\"publisher\":{\"@id\":\"https:\\\/\\\/www.mostra-mi.it\\\/#organization\"},\"image\":{\"@id\":\"https:\\\/\\\/www.mostra-mi.it\\\/artisti\\\/roberta-baldaro#primaryimage\"},\"thumbnailUrl\":\"https:\\\/\\\/www.mostra-mi.it\\\/wp-content\\\/uploads\\\/RobertaBaldaro_2-garbino-1.jpg\",\"keywords\":[\"arte contemporanea\",\"fotografia contemporanea\",\"giovane artista\"],\"articleSection\":[\"Fotografia\",\"Artisti\"],\"inLanguage\":\"en-GB\",\"potentialAction\":[{\"@type\":\"CommentAction\",\"name\":\"Comment\",\"target\":[\"https:\\\/\\\/www.mostra-mi.it\\\/artisti\\\/roberta-baldaro#respond\"]}]},{\"@type\":\"WebPage\",\"@id\":\"https:\\\/\\\/www.mostra-mi.it\\\/artisti\\\/roberta-baldaro\",\"url\":\"https:\\\/\\\/www.mostra-mi.it\\\/artisti\\\/roberta-baldaro\",\"name\":\"Roberta Baldaro - Mostrami\",\"isPartOf\":{\"@id\":\"https:\\\/\\\/www.mostra-mi.it\\\/#website\"},\"primaryImageOfPage\":{\"@id\":\"https:\\\/\\\/www.mostra-mi.it\\\/artisti\\\/roberta-baldaro#primaryimage\"},\"image\":{\"@id\":\"https:\\\/\\\/www.mostra-mi.it\\\/artisti\\\/roberta-baldaro#primaryimage\"},\"thumbnailUrl\":\"https:\\\/\\\/www.mostra-mi.it\\\/wp-content\\\/uploads\\\/RobertaBaldaro_2-garbino-1.jpg\",\"datePublished\":\"2015-07-04T13:02:51+00:00\",\"dateModified\":\"2021-05-14T16:53:14+00:00\",\"description\":\"Ogni lavoro fotografico di Roberta Baldaro inizia e si conclude entro una narrazione, un ciclo di immagini, spesso voluminoso, che esplora, attraversa e esaurisce un tema per consumarlo.\",\"breadcrumb\":{\"@id\":\"https:\\\/\\\/www.mostra-mi.it\\\/artisti\\\/roberta-baldaro#breadcrumb\"},\"inLanguage\":\"en-GB\",\"potentialAction\":[{\"@type\":\"ReadAction\",\"target\":[\"https:\\\/\\\/www.mostra-mi.it\\\/artisti\\\/roberta-baldaro\"]}]},{\"@type\":\"ImageObject\",\"inLanguage\":\"en-GB\",\"@id\":\"https:\\\/\\\/www.mostra-mi.it\\\/artisti\\\/roberta-baldaro#primaryimage\",\"url\":\"https:\\\/\\\/www.mostra-mi.it\\\/wp-content\\\/uploads\\\/RobertaBaldaro_2-garbino-1.jpg\",\"contentUrl\":\"https:\\\/\\\/www.mostra-mi.it\\\/wp-content\\\/uploads\\\/RobertaBaldaro_2-garbino-1.jpg\",\"width\":484,\"height\":315},{\"@type\":\"BreadcrumbList\",\"@id\":\"https:\\\/\\\/www.mostra-mi.it\\\/artisti\\\/roberta-baldaro#breadcrumb\",\"itemListElement\":[{\"@type\":\"ListItem\",\"position\":1,\"name\":\"Home\",\"item\":\"https:\\\/\\\/www.mostra-mi.it\\\/\"},{\"@type\":\"ListItem\",\"position\":2,\"name\":\"Roberta Baldaro\"}]},{\"@type\":\"WebSite\",\"@id\":\"https:\\\/\\\/www.mostra-mi.it\\\/#website\",\"url\":\"https:\\\/\\\/www.mostra-mi.it\\\/\",\"name\":\"Mostrami\",\"description\":\"Mostrami, galleria che si propone come vetrina per giovani artisti\",\"publisher\":{\"@id\":\"https:\\\/\\\/www.mostra-mi.it\\\/#organization\"},\"potentialAction\":[{\"@type\":\"SearchAction\",\"target\":{\"@type\":\"EntryPoint\",\"urlTemplate\":\"https:\\\/\\\/www.mostra-mi.it\\\/?s={search_term_string}\"},\"query-input\":{\"@type\":\"PropertyValueSpecification\",\"valueRequired\":true,\"valueName\":\"search_term_string\"}}],\"inLanguage\":\"en-GB\"},{\"@type\":\"Organization\",\"@id\":\"https:\\\/\\\/www.mostra-mi.it\\\/#organization\",\"name\":\"Mostrami\",\"url\":\"https:\\\/\\\/www.mostra-mi.it\\\/\",\"logo\":{\"@type\":\"ImageObject\",\"inLanguage\":\"en-GB\",\"@id\":\"https:\\\/\\\/www.mostra-mi.it\\\/#\\\/schema\\\/logo\\\/image\\\/\",\"url\":\"\",\"contentUrl\":\"\",\"caption\":\"Mostrami\"},\"image\":{\"@id\":\"https:\\\/\\\/www.mostra-mi.it\\\/#\\\/schema\\\/logo\\\/image\\\/\"}},{\"@type\":\"Person\",\"@id\":\"https:\\\/\\\/www.mostra-mi.it\\\/#\\\/schema\\\/person\\\/cd8f1526e249ebccf7c76a68ae925039\",\"name\":\"Roberta Baldaro\",\"image\":{\"@type\":\"ImageObject\",\"inLanguage\":\"en-GB\",\"@id\":\"https:\\\/\\\/secure.gravatar.com\\\/avatar\\\/d626c301175aafa6ae8b25067742a8b92e4636077a8c0bdd3724e056bee2f05b?s=96&d=mm&r=g\",\"url\":\"https:\\\/\\\/secure.gravatar.com\\\/avatar\\\/d626c301175aafa6ae8b25067742a8b92e4636077a8c0bdd3724e056bee2f05b?s=96&d=mm&r=g\",\"contentUrl\":\"https:\\\/\\\/secure.gravatar.com\\\/avatar\\\/d626c301175aafa6ae8b25067742a8b92e4636077a8c0bdd3724e056bee2f05b?s=96&d=mm&r=g\",\"caption\":\"Roberta Baldaro\"},\"url\":\"https:\\\/\\\/www.mostra-mi.it\\\/en\\\/author\\\/baldaro\"}]}<\/script>\n<!-- \/ Yoast SEO plugin. -->","yoast_head_json":{"title":"Roberta Baldaro - Mostrami","description":"Ogni lavoro fotografico di Roberta Baldaro inizia e si conclude entro una narrazione, un ciclo di immagini, spesso voluminoso, che esplora, attraversa e esaurisce un tema per consumarlo.","robots":{"index":"index","follow":"follow","max-snippet":"max-snippet:-1","max-image-preview":"max-image-preview:large","max-video-preview":"max-video-preview:-1"},"canonical":"https:\/\/www.mostra-mi.it\/en\/artisti\/roberta-baldaro\/","og_locale":"en_GB","og_type":"article","og_title":"Roberta Baldaro - Mostrami","og_description":"Ogni lavoro fotografico di Roberta Baldaro inizia e si conclude entro una narrazione, un ciclo di immagini, spesso voluminoso, che esplora, attraversa e esaurisce un tema per consumarlo.","og_url":"https:\/\/www.mostra-mi.it\/en\/artisti\/roberta-baldaro\/","og_site_name":"Mostrami","article_published_time":"2015-07-04T13:02:51+00:00","article_modified_time":"2021-05-14T16:53:14+00:00","og_image":[{"width":484,"height":315,"url":"https:\/\/www.mostra-mi.it\/wp-content\/uploads\/RobertaBaldaro_2-garbino-1.jpg","type":"image\/jpeg"}],"author":"Roberta Baldaro","twitter_card":"summary_large_image","twitter_misc":{"Written by":"Roberta Baldaro"},"schema":{"@context":"https:\/\/schema.org","@graph":[{"@type":"Article","@id":"https:\/\/www.mostra-mi.it\/artisti\/roberta-baldaro#article","isPartOf":{"@id":"https:\/\/www.mostra-mi.it\/artisti\/roberta-baldaro"},"author":{"name":"Roberta Baldaro","@id":"https:\/\/www.mostra-mi.it\/#\/schema\/person\/cd8f1526e249ebccf7c76a68ae925039"},"headline":"Roberta Baldaro","datePublished":"2015-07-04T13:02:51+00:00","dateModified":"2021-05-14T16:53:14+00:00","mainEntityOfPage":{"@id":"https:\/\/www.mostra-mi.it\/artisti\/roberta-baldaro"},"wordCount":69,"commentCount":0,"publisher":{"@id":"https:\/\/www.mostra-mi.it\/#organization"},"image":{"@id":"https:\/\/www.mostra-mi.it\/artisti\/roberta-baldaro#primaryimage"},"thumbnailUrl":"https:\/\/www.mostra-mi.it\/wp-content\/uploads\/RobertaBaldaro_2-garbino-1.jpg","keywords":["arte contemporanea","fotografia contemporanea","giovane artista"],"articleSection":["Fotografia","Artisti"],"inLanguage":"en-GB","potentialAction":[{"@type":"CommentAction","name":"Comment","target":["https:\/\/www.mostra-mi.it\/artisti\/roberta-baldaro#respond"]}]},{"@type":"WebPage","@id":"https:\/\/www.mostra-mi.it\/artisti\/roberta-baldaro","url":"https:\/\/www.mostra-mi.it\/artisti\/roberta-baldaro","name":"Roberta Baldaro - Mostrami","isPartOf":{"@id":"https:\/\/www.mostra-mi.it\/#website"},"primaryImageOfPage":{"@id":"https:\/\/www.mostra-mi.it\/artisti\/roberta-baldaro#primaryimage"},"image":{"@id":"https:\/\/www.mostra-mi.it\/artisti\/roberta-baldaro#primaryimage"},"thumbnailUrl":"https:\/\/www.mostra-mi.it\/wp-content\/uploads\/RobertaBaldaro_2-garbino-1.jpg","datePublished":"2015-07-04T13:02:51+00:00","dateModified":"2021-05-14T16:53:14+00:00","description":"Ogni lavoro fotografico di Roberta Baldaro inizia e si conclude entro una narrazione, un ciclo di immagini, spesso voluminoso, che esplora, attraversa e esaurisce un tema per consumarlo.","breadcrumb":{"@id":"https:\/\/www.mostra-mi.it\/artisti\/roberta-baldaro#breadcrumb"},"inLanguage":"en-GB","potentialAction":[{"@type":"ReadAction","target":["https:\/\/www.mostra-mi.it\/artisti\/roberta-baldaro"]}]},{"@type":"ImageObject","inLanguage":"en-GB","@id":"https:\/\/www.mostra-mi.it\/artisti\/roberta-baldaro#primaryimage","url":"https:\/\/www.mostra-mi.it\/wp-content\/uploads\/RobertaBaldaro_2-garbino-1.jpg","contentUrl":"https:\/\/www.mostra-mi.it\/wp-content\/uploads\/RobertaBaldaro_2-garbino-1.jpg","width":484,"height":315},{"@type":"BreadcrumbList","@id":"https:\/\/www.mostra-mi.it\/artisti\/roberta-baldaro#breadcrumb","itemListElement":[{"@type":"ListItem","position":1,"name":"Home","item":"https:\/\/www.mostra-mi.it\/"},{"@type":"ListItem","position":2,"name":"Roberta Baldaro"}]},{"@type":"WebSite","@id":"https:\/\/www.mostra-mi.it\/#website","url":"https:\/\/www.mostra-mi.it\/","name":"Mostrami","description":"Mostrami, galleria che si propone come vetrina per giovani artisti","publisher":{"@id":"https:\/\/www.mostra-mi.it\/#organization"},"potentialAction":[{"@type":"SearchAction","target":{"@type":"EntryPoint","urlTemplate":"https:\/\/www.mostra-mi.it\/?s={search_term_string}"},"query-input":{"@type":"PropertyValueSpecification","valueRequired":true,"valueName":"search_term_string"}}],"inLanguage":"en-GB"},{"@type":"Organization","@id":"https:\/\/www.mostra-mi.it\/#organization","name":"Mostrami","url":"https:\/\/www.mostra-mi.it\/","logo":{"@type":"ImageObject","inLanguage":"en-GB","@id":"https:\/\/www.mostra-mi.it\/#\/schema\/logo\/image\/","url":"","contentUrl":"","caption":"Mostrami"},"image":{"@id":"https:\/\/www.mostra-mi.it\/#\/schema\/logo\/image\/"}},{"@type":"Person","@id":"https:\/\/www.mostra-mi.it\/#\/schema\/person\/cd8f1526e249ebccf7c76a68ae925039","name":"Roberta Baldaro","image":{"@type":"ImageObject","inLanguage":"en-GB","@id":"https:\/\/secure.gravatar.com\/avatar\/d626c301175aafa6ae8b25067742a8b92e4636077a8c0bdd3724e056bee2f05b?s=96&d=mm&r=g","url":"https:\/\/secure.gravatar.com\/avatar\/d626c301175aafa6ae8b25067742a8b92e4636077a8c0bdd3724e056bee2f05b?s=96&d=mm&r=g","contentUrl":"https:\/\/secure.gravatar.com\/avatar\/d626c301175aafa6ae8b25067742a8b92e4636077a8c0bdd3724e056bee2f05b?s=96&d=mm&r=g","caption":"Roberta Baldaro"},"url":"https:\/\/www.mostra-mi.it\/en\/author\/baldaro"}]}},"_links":{"self":[{"href":"https:\/\/www.mostra-mi.it\/en\/wp-json\/wp\/v2\/posts\/12736","targetHints":{"allow":["GET"]}}],"collection":[{"href":"https:\/\/www.mostra-mi.it\/en\/wp-json\/wp\/v2\/posts"}],"about":[{"href":"https:\/\/www.mostra-mi.it\/en\/wp-json\/wp\/v2\/types\/post"}],"author":[{"embeddable":true,"href":"https:\/\/www.mostra-mi.it\/en\/wp-json\/wp\/v2\/users\/219"}],"replies":[{"embeddable":true,"href":"https:\/\/www.mostra-mi.it\/en\/wp-json\/wp\/v2\/comments?post=12736"}],"version-history":[{"count":0,"href":"https:\/\/www.mostra-mi.it\/en\/wp-json\/wp\/v2\/posts\/12736\/revisions"}],"wp:featuredmedia":[{"embeddable":true,"href":"https:\/\/www.mostra-mi.it\/en\/wp-json\/wp\/v2\/media\/40468"}],"wp:attachment":[{"href":"https:\/\/www.mostra-mi.it\/en\/wp-json\/wp\/v2\/media?parent=12736"}],"wp:term":[{"taxonomy":"category","embeddable":true,"href":"https:\/\/www.mostra-mi.it\/en\/wp-json\/wp\/v2\/categories?post=12736"},{"taxonomy":"post_tag","embeddable":true,"href":"https:\/\/www.mostra-mi.it\/en\/wp-json\/wp\/v2\/tags?post=12736"}],"curies":[{"name":"wp","href":"https:\/\/api.w.org\/{rel}","templated":true}]}}