{"id":11558,"date":"2015-04-07T15:08:24","date_gmt":"2015-04-07T15:08:24","guid":{"rendered":"https:\/\/mostra-mi.it\/?p=11558"},"modified":"2021-02-26T18:11:27","modified_gmt":"2021-02-26T17:11:27","slug":"mostrami-factory-folli50-0-ecco-tutte-le-installazioni-e-le-mostre","status":"publish","type":"post","link":"https:\/\/www.mostra-mi.it\/en\/news\/mostrami-factory-folli50-0-ecco-tutte-le-installazioni-e-le-mostre","title":{"rendered":"Mostrami Factory @Folli50.0: tutte le installazioni e le mostre!"},"content":{"rendered":"<p><!--:en--><\/p>\n<p><!--:--><!--:it-->Mostrami Factory @Folli50.0 ha aperto i suoi battenti con tantissime installazioni e mostre diverse, che vogliono <strong>portare<\/strong><strong> tante eccellenze<\/strong> all&#8217;interno della sua struttura&#8230;nel nostro ex spazio industriale di 4.000 mq interni e 3.000 esterni, portato a nuova vita grazie alla volont\u00e0 di Fondazione Bracco, si dirama, partendo dall&#8217;esterno e continuando al piano inferiore e superiore dell&#8217;edificio, un percorso espositivo che mette in luce tante realt\u00e0 e tante storie&#8230;<\/p>\n<p><a href=\"https:\/\/mostra-mi.it\/wp-content\/uploads\/2015\/04\/FB_mostrami_folli-CON-FONDAZIONE-BRACCO-HEADER-copia.jpg\"><img decoding=\"async\" class=\"aligncenter size-medium wp-image-11559 lazyload\" title=\"Mostrami Factory @Folli50.0\" data-src=\"https:\/\/mostra-mi.it\/wp-content\/uploads\/2015\/04\/FB_mostrami_folli-CON-FONDAZIONE-BRACCO-HEADER-copia-300x110.jpg\" alt=\"\" width=\"300\" height=\"110\" data-srcset=\"https:\/\/www.mostra-mi.it\/wp-content\/uploads\/2015\/04\/FB_mostrami_folli-CON-FONDAZIONE-BRACCO-HEADER-copia-300x110.jpg 300w, https:\/\/www.mostra-mi.it\/wp-content\/uploads\/2015\/04\/FB_mostrami_folli-CON-FONDAZIONE-BRACCO-HEADER-copia-600x221.jpg 600w, https:\/\/www.mostra-mi.it\/wp-content\/uploads\/2015\/04\/FB_mostrami_folli-CON-FONDAZIONE-BRACCO-HEADER-copia-1024x376.jpg 1024w\" data-sizes=\"(max-width: 300px) 100vw, 300px\" src=\"data:image\/svg+xml;base64,PHN2ZyB3aWR0aD0iMSIgaGVpZ2h0PSIxIiB4bWxucz0iaHR0cDovL3d3dy53My5vcmcvMjAwMC9zdmciPjwvc3ZnPg==\" style=\"--smush-placeholder-width: 300px; --smush-placeholder-aspect-ratio: 300\/110;\" \/><\/a>Si comincia dalla <strong>piazza bassa<\/strong>, di fronte al B16, lo spazio Folli50.0:<\/p>\n<ul>\n<li>&#8220;<span style=\"color: #000000;\"><strong>Sono stanco degli esami<\/strong><\/span>&#8220;: Paolo Mezzadri, attraverso la sua installazione di metallo e tondino realizzata in cubi di varie misure, esprime tutta la voglia di non essere sempre sotto esame e la rabbia per esserlo sempre;<\/li>\n<\/ul>\n<ul>\n<li><a href=\"https:\/\/www.mostra-mi.it\/en\/?p=11468\">Giuliano Cataldo Giancotti<\/a>, giovane scultore, studente alla specialistica presso l&#8217;Accademia di Brera porta le sue installazioni in ferro battuto. Con le sue opere pone una riflessione sulle architetture e lo spazio urbano per creare dei luoghi che ridiano un\u2019identit\u00e0 alla citt\u00e0.<\/li>\n<\/ul>\n<p><a href=\"https:\/\/mostra-mi.it\/wp-content\/uploads\/2015\/04\/Piazza-bassa-e-B16.jpg\"><img decoding=\"async\" class=\"aligncenter size-medium wp-image-11586 lazyload\" title=\"Esterno di Folli50.0\" data-src=\"https:\/\/mostra-mi.it\/wp-content\/uploads\/2015\/04\/Piazza-bassa-e-B16-300x225.jpg\" alt=\"\" width=\"300\" height=\"225\" data-srcset=\"https:\/\/www.mostra-mi.it\/wp-content\/uploads\/2015\/04\/Piazza-bassa-e-B16-300x225.jpg 300w, https:\/\/www.mostra-mi.it\/wp-content\/uploads\/2015\/04\/Piazza-bassa-e-B16.jpg 480w\" data-sizes=\"(max-width: 300px) 100vw, 300px\" src=\"data:image\/svg+xml;base64,PHN2ZyB3aWR0aD0iMSIgaGVpZ2h0PSIxIiB4bWxucz0iaHR0cDovL3d3dy53My5vcmcvMjAwMC9zdmciPjwvc3ZnPg==\" style=\"--smush-placeholder-width: 300px; --smush-placeholder-aspect-ratio: 300\/225;\" \/><\/a><\/p>\n<p>Proseguendo all&#8217;interno, al <strong>piano inferiore<\/strong> potrete trovare:<\/p>\n<ul>\n<li><strong>&#8220;Folli50.0&#8221;<\/strong>: l&#8217;installazione &#8220;Folli50.0&#8221; \u00e8 un edificio, che \u00e8 punto di arrivo e punto di partenza. Gli operai, la fabbrica e le produzioni hanno ceduto il passo ad una nuova ed emozionante avventura: nel luogo in cui le stringenti regole della chimica prendevano vita, subentra la creativit\u00e0 dell\u2019arte contemporanea a ridare colore e bellezza. La trasformazione si esplicita in un percorso visivo, foto storiche e video proiezione dell\u2019avanzamento dei lavori del cantiere, che racconta la storia della struttura dal periodo del confezionamento farmaci all\u2019attuale ristrutturazione in vista dell\u2019apertura di Mostrami Factory @Folli50.0, un \u201ccantiere\u201d artistico, culturale e sociale: il nuovo volto della \u201cproduzione\u201d, questa volta creativa.<\/li>\n<\/ul>\n<ul>\n<li><strong>Gruppo Materia<\/strong>: Lucio Arzuffi, Riccardo Bonfadini, Beppe Borella, Fabio Savoldi sono Artisti liberi intellettualmente e liberi di descrivere le vicende che attraversano la nostra societ\u00e0, con un&#8217;installazione che racconti il quotidiano mediante l\u2019uso della materia, sia essa elemento naturale, manufatto o oggetto di produzione industriale;<\/li>\n<\/ul>\n<ul>\n<li>&#8220;<strong>I want to tell you<\/strong>&#8220;: un artista, un\u2019installazione e 400 volti di persone comuni. Matteo Merla dipinge e racconta le storie di sconosciuti a cui d\u00e0 un viso, un\u2019anima e una personalit\u00e0, che provochino l\u2019osservatore. Il concetto \u00e8 semplice: il visitatore esamina la galleria dei ritratti e se rimane colpito da uno di essi lo acquista, sostituendolo con un proprio messaggio e diventando cos\u00ec anch\u2019egli artista;<\/li>\n<\/ul>\n<p><a href=\"https:\/\/mostra-mi.it\/wp-content\/uploads\/2015\/04\/IMG_9011.jpg\"><img decoding=\"async\" class=\"aligncenter size-medium wp-image-11565 lazyload\" title=\"Cantiere di Mostrami Factory @Folli50.0 - Piano inferiore\" data-src=\"https:\/\/mostra-mi.it\/wp-content\/uploads\/2015\/04\/IMG_9011-300x225.jpg\" alt=\"\" width=\"300\" height=\"225\" data-srcset=\"https:\/\/www.mostra-mi.it\/wp-content\/uploads\/2015\/04\/IMG_9011-300x225.jpg 300w, https:\/\/www.mostra-mi.it\/wp-content\/uploads\/2015\/04\/IMG_9011-600x450.jpg 600w, https:\/\/www.mostra-mi.it\/wp-content\/uploads\/2015\/04\/IMG_9011-1024x768.jpg 1024w\" data-sizes=\"(max-width: 300px) 100vw, 300px\" src=\"data:image\/svg+xml;base64,PHN2ZyB3aWR0aD0iMSIgaGVpZ2h0PSIxIiB4bWxucz0iaHR0cDovL3d3dy53My5vcmcvMjAwMC9zdmciPjwvc3ZnPg==\" style=\"--smush-placeholder-width: 300px; --smush-placeholder-aspect-ratio: 300\/225;\" \/><\/a><\/p>\n<ul>\n<li>&#8220;<strong>Uova<\/strong>&#8220;: <a href=\"https:\/\/www.mostra-mi.it\/en\/?p=10759\">Liberi svincoli<\/a>, collettivo di figure professionali del mondo dell&#8217;arte, portano la loro installazione &#8220;Uova&#8221; per riflettere sul ruolo della propaganda mediatica nella trasformazione degli individui da liberi pensatori a schiavi. La condizione di &#8220;schiavo&#8221; \u00e8 espressa in pi\u00f9 lingue, come una consapevolezza interiore che fatica a manifestarsi. I media, di ieri e di oggi, aiutano i potenti\u00a0 nella creazione di leader carismatici, nelle dittature cos\u00ec come nelle democrazie. Le trasformazioni socio-culturali della nostra societ\u00e0 dipendono sempre pi\u00f9 dai messaggi che riceviamo e l\u2019evoluzione dei valori e dei disvalori \u00e8 strettamente legata alla nostra capacit\u00e0 critica e alla conoscenza dei meccanismi comunicazionali;<\/li>\n<\/ul>\n<ul>\n<li>&#8220;<strong>Passengers<\/strong>&#8220;: <a href=\"https:\/\/www.mostra-mi.it\/en\/?p=10637\">Danilo Torre<\/a>, video artist del collettivo di Mostrami, racconta le dinamiche del trasporto pubblico, che \u00e8 uno dei luoghi o non luoghi dove quotidianamente la gente si incontra e condivide un breve viaggio in un piccolo spazio. Questo luogo, per alcuni sconosciuto, negli ultimi dieci anni si \u00e8 popolato in Italia di uomini donne e bambini provenienti dai cinque continenti.<\/li>\n<\/ul>\n<p>Al <strong>piano superiore<\/strong>, invece, troverete:<\/p>\n<ul>\n<li>&#8220;<strong>Sabato del Villaggio<\/strong>&#8220;: la mostra nasce dall&#8217;omonimo progetto dell\u2019agenzia di ricerca sociale Codici con l\u2019obiettivo di unire le generazioni e le nazionalit\u00e0, la storia dell\u2019industria e la memoria delle operaie di ieri e delle giovani migranti di\u00a0<a>oggi<\/a>. La storia di SNIA Viscosa \u00e8 densa di cambiamenti: da societ\u00e0 di navigazione a stabilimento chimico per la produzione di tessuti artificiali vede i suoi protagonisti cambiare nel corso degli anni. La mostra racconta l\u2019evoluzione e le trasformazioni dei suoi collaboratori e della realt\u00e0 che \u00e8 stata e che \u00e8. Il lavoro di ricerca di giovani<strong> photographers<\/strong> \u00e8 accompagnato da un lungo dialogo con gli <strong>abitanti del quartiere<\/strong>, alla ricerca di immagini di famiglia e di racconti personali, e dal recupero di numerose immagini provenienti dall&#8217;archivio della SNIA, per ricostruire una memoria collettiva. E\u2019 un progetto a cura di Matteo Balduzzi, con fotografie di Alessandro Calabrese, Giulia Bersani, Simona Di Meo e abitanti del villaggio SNIA. <a href=\"\/en\/www.codiciricerche.it\/\">Codici<\/a> \u00e8 un\u2019agenzia di ricerca sociale. E\u2019 a fianco di organizzazioni, istituzioni e reti nel comprendere e accompagnare i cambiamenti sociali in atto. Le azioni che propone e i linguaggi che sperimenta nascono dal desiderio di restituire parole e poteri alle persone.<\/li>\n<\/ul>\n<ul>\n<li><strong>Farm Cultural Park<\/strong>: con <a href=\"http:\/\/www.farm-culturalpark.com\">Farm Cultural Park<\/a> le eccellenze del Sud sbarcano a Milano: da Favara, Agrigento, parte la volont\u00e0 di costruire un pezzo di mondo migliore, una piccola comunit\u00e0 impegnata ad inventare nuovi modi di <strong>pensare, abitare e vivere l\u2019arte<\/strong>;<\/li>\n<\/ul>\n<p><a href=\"https:\/\/mostra-mi.it\/wp-content\/uploads\/2015\/04\/Cantiere-Mostrami-Factory-@Folli50.0.jpg\"><img decoding=\"async\" class=\"aligncenter size-medium wp-image-11564 lazyload\" title=\"Cantiere Mostrami Factory @Folli50.0 - Piano superiore\" data-src=\"https:\/\/mostra-mi.it\/wp-content\/uploads\/2015\/04\/Cantiere-Mostrami-Factory-@Folli50.0-300x225.jpg\" alt=\"\" width=\"300\" height=\"225\" data-srcset=\"https:\/\/www.mostra-mi.it\/wp-content\/uploads\/2015\/04\/Cantiere-Mostrami-Factory-@Folli50.0-300x225.jpg 300w, https:\/\/www.mostra-mi.it\/wp-content\/uploads\/2015\/04\/Cantiere-Mostrami-Factory-@Folli50.0-600x450.jpg 600w, https:\/\/www.mostra-mi.it\/wp-content\/uploads\/2015\/04\/Cantiere-Mostrami-Factory-@Folli50.0-1024x768.jpg 1024w\" data-sizes=\"(max-width: 300px) 100vw, 300px\" src=\"data:image\/svg+xml;base64,PHN2ZyB3aWR0aD0iMSIgaGVpZ2h0PSIxIiB4bWxucz0iaHR0cDovL3d3dy53My5vcmcvMjAwMC9zdmciPjwvc3ZnPg==\" style=\"--smush-placeholder-width: 300px; --smush-placeholder-aspect-ratio: 300\/225;\" \/><\/a><\/p>\n<ul>\n<li>&#8220;<strong>Junto, Percorso Alato<\/strong>&#8220;: &#8220;Junto&#8221;, realizzato da <a href=\"https:\/\/www.mostra-mi.it\/en\/?p=11038\">Ilaria Degradi<\/a>, rappresenta un sistema innovativo per realizzare architetture temporanee, di forma libera ed irregolare. La combinazione di elementi metallici di tre tipi (forma a C, a L e a S), permette di unire travetti in legno in qualsiasi direzione nelle tre assi dello spazio X, Y e Z. L\u2019idea \u00e8 di ricreare un percorso dalle proporzioni alterate in cui l\u2019uomo possa <strong>perdere la percezione della normalit\u00e0<\/strong> e vivere un\u2019esperienza fuori dagli schemi;<\/li>\n<\/ul>\n<ul>\n<li>&#8220;<strong>Nel punto in cui viene meno<\/strong>&#8220;: l\u2019installazione di <a href=\"https:\/\/www.mostra-mi.it\/en\/?p=9012\">Letizia Scarpello<\/a> vuole restituire spazio al vuoto. Il progressivo venire meno della figura umana, abbozzata attraverso i buchi nelle tele, vuole suggerire la<strong> mancanza di cura dell\u2019uomo<\/strong> odierno nei confronti della sua <strong>dimensione spirituale<\/strong>. Lo specchio funge, quindi, da cartina al tornasole per prendere coscienza di questa dimensione, raggiunta attraverso il potere dell\u2019arte.<\/li>\n<\/ul>\n<p>Ma come ben saprete, questi non sono gli unici contenuti di Mostrami Factory @Folli50.0&#8230;nella settimana di preview del FuoriSalone abbiamo offerto\u00a0<a href=\"https:\/\/www.mostra-mi.it\/en\/?p=11186\">corsi e laboratori<\/a>, <a href=\"https:\/\/www.mostra-mi.it\/en\/?p=11320\">serate ed eventi<\/a> e, ovviamente, la nostra <a href=\"https:\/\/www.mostra-mi.it\/en\/?page_id=11054\">MostraEvento &#8220;Nutrimento urbano&#8221;<\/a>, con il collettivo dei giovani pittori, scultori, fotografi e digital artists di Mostrami&#8230;<\/p>\n<p>Stay tuned per saperne sempre di pi\u00f9 sul grande progetto di Mostrami Factory @Folli50.0.<br \/>\nQui potete trovare il <a href=\"https:\/\/www.mostra-mi.it\/en\/?p=11692\">programma<\/a> del finesettimana dal 14 al 17 maggio!<!--:--><\/p>","protected":false},"excerpt":{"rendered":"<p>Mostrami Factory @Folli50.0 ha aperto i suoi battenti con tantissime installazioni e mostre diverse, che vogliono portare tante eccellenze all&#8217;interno della sua struttura&#8230;nel nostro ex spazio industriale di 4.000 mq interni e 3.000 esterni, portato a nuova vita grazie alla&#8230;<\/p>","protected":false},"author":1126,"featured_media":33452,"comment_status":"open","ping_status":"closed","sticky":false,"template":"","format":"standard","meta":{"footnotes":""},"categories":[26,141],"tags":[159,765,1089],"class_list":["post-11558","post","type-post","status-publish","format-standard","has-post-thumbnail","hentry","category-news","category-around-art","tag-arte-contemporanea","tag-giovani-artisti","tag-giovane-arte"],"yoast_head":"<!-- This site is optimized with the Yoast SEO plugin v27.5 - https:\/\/yoast.com\/product\/yoast-seo-wordpress\/ -->\n<title>Mostrami Factory @Folli50.0: tutte le installazioni e le mostre! - Mostrami<\/title>\n<meta name=\"description\" content=\"Mostrami Factory @Folli50.0 ha aperto i battenti con tantissime installazioni e mostre che vogliono portare eccellenze nella sua struttura.\" \/>\n<meta name=\"robots\" content=\"index, follow, max-snippet:-1, max-image-preview:large, max-video-preview:-1\" \/>\n<link rel=\"canonical\" href=\"https:\/\/www.mostra-mi.it\/en\/news\/mostrami-factory-folli50-0-ecco-tutte-le-installazioni-e-le-mostre\" \/>\n<meta property=\"og:locale\" content=\"en_GB\" \/>\n<meta property=\"og:type\" content=\"article\" \/>\n<meta property=\"og:title\" content=\"Mostrami Factory @Folli50.0: tutte le installazioni e le mostre! - Mostrami\" \/>\n<meta property=\"og:description\" content=\"Mostrami Factory @Folli50.0 ha aperto i battenti con tantissime installazioni e mostre che vogliono portare eccellenze nella sua struttura.\" \/>\n<meta property=\"og:url\" content=\"https:\/\/www.mostra-mi.it\/en\/news\/mostrami-factory-folli50-0-ecco-tutte-le-installazioni-e-le-mostre\" \/>\n<meta property=\"og:site_name\" content=\"Mostrami\" \/>\n<meta property=\"article:published_time\" content=\"2015-04-07T15:08:24+00:00\" \/>\n<meta property=\"article:modified_time\" content=\"2021-02-26T17:11:27+00:00\" \/>\n<meta property=\"og:image\" content=\"https:\/\/www.mostra-mi.it\/wp-content\/uploads\/mostrami-arte-giovane-italia-1.jpg\" \/>\n\t<meta property=\"og:image:width\" content=\"588\" \/>\n\t<meta property=\"og:image:height\" content=\"388\" \/>\n\t<meta property=\"og:image:type\" content=\"image\/jpeg\" \/>\n<meta name=\"author\" content=\"segreteria\" \/>\n<meta name=\"twitter:card\" content=\"summary_large_image\" \/>\n<meta name=\"twitter:label1\" content=\"Written by\" \/>\n\t<meta name=\"twitter:data1\" content=\"segreteria\" \/>\n\t<meta name=\"twitter:label2\" content=\"Estimated reading time\" \/>\n\t<meta name=\"twitter:data2\" content=\"6 minutes\" \/>\n<script type=\"application\/ld+json\" class=\"yoast-schema-graph\">{\"@context\":\"https:\\\/\\\/schema.org\",\"@graph\":[{\"@type\":\"Article\",\"@id\":\"https:\\\/\\\/www.mostra-mi.it\\\/en\\\/news\\\/mostrami-factory-folli50-0-ecco-tutte-le-installazioni-e-le-mostre#article\",\"isPartOf\":{\"@id\":\"https:\\\/\\\/www.mostra-mi.it\\\/en\\\/news\\\/mostrami-factory-folli50-0-ecco-tutte-le-installazioni-e-le-mostre\"},\"author\":{\"name\":\"segreteria\",\"@id\":\"https:\\\/\\\/www.mostra-mi.it\\\/#\\\/schema\\\/person\\\/188b208ca5b08b2903c157fe397fb5a7\"},\"headline\":\"Mostrami Factory @Folli50.0: tutte le installazioni e le mostre!\",\"datePublished\":\"2015-04-07T15:08:24+00:00\",\"dateModified\":\"2021-02-26T17:11:27+00:00\",\"mainEntityOfPage\":{\"@id\":\"https:\\\/\\\/www.mostra-mi.it\\\/en\\\/news\\\/mostrami-factory-folli50-0-ecco-tutte-le-installazioni-e-le-mostre\"},\"wordCount\":1024,\"commentCount\":4,\"publisher\":{\"@id\":\"https:\\\/\\\/www.mostra-mi.it\\\/#organization\"},\"image\":{\"@id\":\"https:\\\/\\\/www.mostra-mi.it\\\/en\\\/news\\\/mostrami-factory-folli50-0-ecco-tutte-le-installazioni-e-le-mostre#primaryimage\"},\"thumbnailUrl\":\"https:\\\/\\\/www.mostra-mi.it\\\/wp-content\\\/uploads\\\/mostrami-arte-giovane-italia-1.jpg\",\"keywords\":[\"arte contemporanea\",\"giovani artisti\",\"giovane arte\"],\"articleSection\":[\"News\",\"Around Art\"],\"inLanguage\":\"en-GB\",\"potentialAction\":[{\"@type\":\"CommentAction\",\"name\":\"Comment\",\"target\":[\"https:\\\/\\\/www.mostra-mi.it\\\/en\\\/news\\\/mostrami-factory-folli50-0-ecco-tutte-le-installazioni-e-le-mostre#respond\"]}]},{\"@type\":\"WebPage\",\"@id\":\"https:\\\/\\\/www.mostra-mi.it\\\/en\\\/news\\\/mostrami-factory-folli50-0-ecco-tutte-le-installazioni-e-le-mostre\",\"url\":\"https:\\\/\\\/www.mostra-mi.it\\\/en\\\/news\\\/mostrami-factory-folli50-0-ecco-tutte-le-installazioni-e-le-mostre\",\"name\":\"Mostrami Factory @Folli50.0: tutte le installazioni e le mostre! - Mostrami\",\"isPartOf\":{\"@id\":\"https:\\\/\\\/www.mostra-mi.it\\\/#website\"},\"primaryImageOfPage\":{\"@id\":\"https:\\\/\\\/www.mostra-mi.it\\\/en\\\/news\\\/mostrami-factory-folli50-0-ecco-tutte-le-installazioni-e-le-mostre#primaryimage\"},\"image\":{\"@id\":\"https:\\\/\\\/www.mostra-mi.it\\\/en\\\/news\\\/mostrami-factory-folli50-0-ecco-tutte-le-installazioni-e-le-mostre#primaryimage\"},\"thumbnailUrl\":\"https:\\\/\\\/www.mostra-mi.it\\\/wp-content\\\/uploads\\\/mostrami-arte-giovane-italia-1.jpg\",\"datePublished\":\"2015-04-07T15:08:24+00:00\",\"dateModified\":\"2021-02-26T17:11:27+00:00\",\"description\":\"Mostrami Factory @Folli50.0 ha aperto i battenti con tantissime installazioni e mostre che vogliono portare eccellenze nella sua struttura.\",\"breadcrumb\":{\"@id\":\"https:\\\/\\\/www.mostra-mi.it\\\/en\\\/news\\\/mostrami-factory-folli50-0-ecco-tutte-le-installazioni-e-le-mostre#breadcrumb\"},\"inLanguage\":\"en-GB\",\"potentialAction\":[{\"@type\":\"ReadAction\",\"target\":[\"https:\\\/\\\/www.mostra-mi.it\\\/en\\\/news\\\/mostrami-factory-folli50-0-ecco-tutte-le-installazioni-e-le-mostre\"]}]},{\"@type\":\"ImageObject\",\"inLanguage\":\"en-GB\",\"@id\":\"https:\\\/\\\/www.mostra-mi.it\\\/en\\\/news\\\/mostrami-factory-folli50-0-ecco-tutte-le-installazioni-e-le-mostre#primaryimage\",\"url\":\"https:\\\/\\\/www.mostra-mi.it\\\/wp-content\\\/uploads\\\/mostrami-arte-giovane-italia-1.jpg\",\"contentUrl\":\"https:\\\/\\\/www.mostra-mi.it\\\/wp-content\\\/uploads\\\/mostrami-arte-giovane-italia-1.jpg\",\"width\":588,\"height\":388},{\"@type\":\"BreadcrumbList\",\"@id\":\"https:\\\/\\\/www.mostra-mi.it\\\/en\\\/news\\\/mostrami-factory-folli50-0-ecco-tutte-le-installazioni-e-le-mostre#breadcrumb\",\"itemListElement\":[{\"@type\":\"ListItem\",\"position\":1,\"name\":\"Home\",\"item\":\"https:\\\/\\\/www.mostra-mi.it\\\/\"},{\"@type\":\"ListItem\",\"position\":2,\"name\":\"Mostrami Factory @Folli50.0: tutte le installazioni e le mostre!\"}]},{\"@type\":\"WebSite\",\"@id\":\"https:\\\/\\\/www.mostra-mi.it\\\/#website\",\"url\":\"https:\\\/\\\/www.mostra-mi.it\\\/\",\"name\":\"Mostrami\",\"description\":\"Mostrami, galleria che si propone come vetrina per giovani artisti\",\"publisher\":{\"@id\":\"https:\\\/\\\/www.mostra-mi.it\\\/#organization\"},\"potentialAction\":[{\"@type\":\"SearchAction\",\"target\":{\"@type\":\"EntryPoint\",\"urlTemplate\":\"https:\\\/\\\/www.mostra-mi.it\\\/?s={search_term_string}\"},\"query-input\":{\"@type\":\"PropertyValueSpecification\",\"valueRequired\":true,\"valueName\":\"search_term_string\"}}],\"inLanguage\":\"en-GB\"},{\"@type\":\"Organization\",\"@id\":\"https:\\\/\\\/www.mostra-mi.it\\\/#organization\",\"name\":\"Mostrami\",\"url\":\"https:\\\/\\\/www.mostra-mi.it\\\/\",\"logo\":{\"@type\":\"ImageObject\",\"inLanguage\":\"en-GB\",\"@id\":\"https:\\\/\\\/www.mostra-mi.it\\\/#\\\/schema\\\/logo\\\/image\\\/\",\"url\":\"\",\"contentUrl\":\"\",\"caption\":\"Mostrami\"},\"image\":{\"@id\":\"https:\\\/\\\/www.mostra-mi.it\\\/#\\\/schema\\\/logo\\\/image\\\/\"}},{\"@type\":\"Person\",\"@id\":\"https:\\\/\\\/www.mostra-mi.it\\\/#\\\/schema\\\/person\\\/188b208ca5b08b2903c157fe397fb5a7\",\"name\":\"segreteria\",\"image\":{\"@type\":\"ImageObject\",\"inLanguage\":\"en-GB\",\"@id\":\"https:\\\/\\\/secure.gravatar.com\\\/avatar\\\/0822c4ed3a0b5a5c6476387e5d35553e625e39de05f99a140965c1a5d5839d12?s=96&d=mm&r=g\",\"url\":\"https:\\\/\\\/secure.gravatar.com\\\/avatar\\\/0822c4ed3a0b5a5c6476387e5d35553e625e39de05f99a140965c1a5d5839d12?s=96&d=mm&r=g\",\"contentUrl\":\"https:\\\/\\\/secure.gravatar.com\\\/avatar\\\/0822c4ed3a0b5a5c6476387e5d35553e625e39de05f99a140965c1a5d5839d12?s=96&d=mm&r=g\",\"caption\":\"segreteria\"},\"url\":\"https:\\\/\\\/www.mostra-mi.it\\\/en\\\/author\\\/segreteria\"}]}<\/script>\n<!-- \/ Yoast SEO plugin. -->","yoast_head_json":{"title":"Mostrami Factory @Folli50.0: tutte le installazioni e le mostre! - Mostrami","description":"Mostrami Factory @Folli50.0 ha aperto i battenti con tantissime installazioni e mostre che vogliono portare eccellenze nella sua struttura.","robots":{"index":"index","follow":"follow","max-snippet":"max-snippet:-1","max-image-preview":"max-image-preview:large","max-video-preview":"max-video-preview:-1"},"canonical":"https:\/\/www.mostra-mi.it\/en\/news\/mostrami-factory-folli50-0-ecco-tutte-le-installazioni-e-le-mostre","og_locale":"en_GB","og_type":"article","og_title":"Mostrami Factory @Folli50.0: tutte le installazioni e le mostre! - Mostrami","og_description":"Mostrami Factory @Folli50.0 ha aperto i battenti con tantissime installazioni e mostre che vogliono portare eccellenze nella sua struttura.","og_url":"https:\/\/www.mostra-mi.it\/en\/news\/mostrami-factory-folli50-0-ecco-tutte-le-installazioni-e-le-mostre","og_site_name":"Mostrami","article_published_time":"2015-04-07T15:08:24+00:00","article_modified_time":"2021-02-26T17:11:27+00:00","og_image":[{"width":588,"height":388,"url":"https:\/\/www.mostra-mi.it\/wp-content\/uploads\/mostrami-arte-giovane-italia-1.jpg","type":"image\/jpeg"}],"author":"segreteria","twitter_card":"summary_large_image","twitter_misc":{"Written by":"segreteria","Estimated reading time":"6 minutes"},"schema":{"@context":"https:\/\/schema.org","@graph":[{"@type":"Article","@id":"https:\/\/www.mostra-mi.it\/en\/news\/mostrami-factory-folli50-0-ecco-tutte-le-installazioni-e-le-mostre#article","isPartOf":{"@id":"https:\/\/www.mostra-mi.it\/en\/news\/mostrami-factory-folli50-0-ecco-tutte-le-installazioni-e-le-mostre"},"author":{"name":"segreteria","@id":"https:\/\/www.mostra-mi.it\/#\/schema\/person\/188b208ca5b08b2903c157fe397fb5a7"},"headline":"Mostrami Factory @Folli50.0: tutte le installazioni e le mostre!","datePublished":"2015-04-07T15:08:24+00:00","dateModified":"2021-02-26T17:11:27+00:00","mainEntityOfPage":{"@id":"https:\/\/www.mostra-mi.it\/en\/news\/mostrami-factory-folli50-0-ecco-tutte-le-installazioni-e-le-mostre"},"wordCount":1024,"commentCount":4,"publisher":{"@id":"https:\/\/www.mostra-mi.it\/#organization"},"image":{"@id":"https:\/\/www.mostra-mi.it\/en\/news\/mostrami-factory-folli50-0-ecco-tutte-le-installazioni-e-le-mostre#primaryimage"},"thumbnailUrl":"https:\/\/www.mostra-mi.it\/wp-content\/uploads\/mostrami-arte-giovane-italia-1.jpg","keywords":["arte contemporanea","giovani artisti","giovane arte"],"articleSection":["News","Around Art"],"inLanguage":"en-GB","potentialAction":[{"@type":"CommentAction","name":"Comment","target":["https:\/\/www.mostra-mi.it\/en\/news\/mostrami-factory-folli50-0-ecco-tutte-le-installazioni-e-le-mostre#respond"]}]},{"@type":"WebPage","@id":"https:\/\/www.mostra-mi.it\/en\/news\/mostrami-factory-folli50-0-ecco-tutte-le-installazioni-e-le-mostre","url":"https:\/\/www.mostra-mi.it\/en\/news\/mostrami-factory-folli50-0-ecco-tutte-le-installazioni-e-le-mostre","name":"Mostrami Factory @Folli50.0: tutte le installazioni e le mostre! - Mostrami","isPartOf":{"@id":"https:\/\/www.mostra-mi.it\/#website"},"primaryImageOfPage":{"@id":"https:\/\/www.mostra-mi.it\/en\/news\/mostrami-factory-folli50-0-ecco-tutte-le-installazioni-e-le-mostre#primaryimage"},"image":{"@id":"https:\/\/www.mostra-mi.it\/en\/news\/mostrami-factory-folli50-0-ecco-tutte-le-installazioni-e-le-mostre#primaryimage"},"thumbnailUrl":"https:\/\/www.mostra-mi.it\/wp-content\/uploads\/mostrami-arte-giovane-italia-1.jpg","datePublished":"2015-04-07T15:08:24+00:00","dateModified":"2021-02-26T17:11:27+00:00","description":"Mostrami Factory @Folli50.0 ha aperto i battenti con tantissime installazioni e mostre che vogliono portare eccellenze nella sua struttura.","breadcrumb":{"@id":"https:\/\/www.mostra-mi.it\/en\/news\/mostrami-factory-folli50-0-ecco-tutte-le-installazioni-e-le-mostre#breadcrumb"},"inLanguage":"en-GB","potentialAction":[{"@type":"ReadAction","target":["https:\/\/www.mostra-mi.it\/en\/news\/mostrami-factory-folli50-0-ecco-tutte-le-installazioni-e-le-mostre"]}]},{"@type":"ImageObject","inLanguage":"en-GB","@id":"https:\/\/www.mostra-mi.it\/en\/news\/mostrami-factory-folli50-0-ecco-tutte-le-installazioni-e-le-mostre#primaryimage","url":"https:\/\/www.mostra-mi.it\/wp-content\/uploads\/mostrami-arte-giovane-italia-1.jpg","contentUrl":"https:\/\/www.mostra-mi.it\/wp-content\/uploads\/mostrami-arte-giovane-italia-1.jpg","width":588,"height":388},{"@type":"BreadcrumbList","@id":"https:\/\/www.mostra-mi.it\/en\/news\/mostrami-factory-folli50-0-ecco-tutte-le-installazioni-e-le-mostre#breadcrumb","itemListElement":[{"@type":"ListItem","position":1,"name":"Home","item":"https:\/\/www.mostra-mi.it\/"},{"@type":"ListItem","position":2,"name":"Mostrami Factory @Folli50.0: tutte le installazioni e le mostre!"}]},{"@type":"WebSite","@id":"https:\/\/www.mostra-mi.it\/#website","url":"https:\/\/www.mostra-mi.it\/","name":"Mostrami","description":"Mostrami, galleria che si propone come vetrina per giovani artisti","publisher":{"@id":"https:\/\/www.mostra-mi.it\/#organization"},"potentialAction":[{"@type":"SearchAction","target":{"@type":"EntryPoint","urlTemplate":"https:\/\/www.mostra-mi.it\/?s={search_term_string}"},"query-input":{"@type":"PropertyValueSpecification","valueRequired":true,"valueName":"search_term_string"}}],"inLanguage":"en-GB"},{"@type":"Organization","@id":"https:\/\/www.mostra-mi.it\/#organization","name":"Mostrami","url":"https:\/\/www.mostra-mi.it\/","logo":{"@type":"ImageObject","inLanguage":"en-GB","@id":"https:\/\/www.mostra-mi.it\/#\/schema\/logo\/image\/","url":"","contentUrl":"","caption":"Mostrami"},"image":{"@id":"https:\/\/www.mostra-mi.it\/#\/schema\/logo\/image\/"}},{"@type":"Person","@id":"https:\/\/www.mostra-mi.it\/#\/schema\/person\/188b208ca5b08b2903c157fe397fb5a7","name":"segreteria","image":{"@type":"ImageObject","inLanguage":"en-GB","@id":"https:\/\/secure.gravatar.com\/avatar\/0822c4ed3a0b5a5c6476387e5d35553e625e39de05f99a140965c1a5d5839d12?s=96&d=mm&r=g","url":"https:\/\/secure.gravatar.com\/avatar\/0822c4ed3a0b5a5c6476387e5d35553e625e39de05f99a140965c1a5d5839d12?s=96&d=mm&r=g","contentUrl":"https:\/\/secure.gravatar.com\/avatar\/0822c4ed3a0b5a5c6476387e5d35553e625e39de05f99a140965c1a5d5839d12?s=96&d=mm&r=g","caption":"segreteria"},"url":"https:\/\/www.mostra-mi.it\/en\/author\/segreteria"}]}},"_links":{"self":[{"href":"https:\/\/www.mostra-mi.it\/en\/wp-json\/wp\/v2\/posts\/11558","targetHints":{"allow":["GET"]}}],"collection":[{"href":"https:\/\/www.mostra-mi.it\/en\/wp-json\/wp\/v2\/posts"}],"about":[{"href":"https:\/\/www.mostra-mi.it\/en\/wp-json\/wp\/v2\/types\/post"}],"author":[{"embeddable":true,"href":"https:\/\/www.mostra-mi.it\/en\/wp-json\/wp\/v2\/users\/1126"}],"replies":[{"embeddable":true,"href":"https:\/\/www.mostra-mi.it\/en\/wp-json\/wp\/v2\/comments?post=11558"}],"version-history":[{"count":0,"href":"https:\/\/www.mostra-mi.it\/en\/wp-json\/wp\/v2\/posts\/11558\/revisions"}],"wp:featuredmedia":[{"embeddable":true,"href":"https:\/\/www.mostra-mi.it\/en\/wp-json\/wp\/v2\/media\/33452"}],"wp:attachment":[{"href":"https:\/\/www.mostra-mi.it\/en\/wp-json\/wp\/v2\/media?parent=11558"}],"wp:term":[{"taxonomy":"category","embeddable":true,"href":"https:\/\/www.mostra-mi.it\/en\/wp-json\/wp\/v2\/categories?post=11558"},{"taxonomy":"post_tag","embeddable":true,"href":"https:\/\/www.mostra-mi.it\/en\/wp-json\/wp\/v2\/tags?post=11558"}],"curies":[{"name":"wp","href":"https:\/\/api.w.org\/{rel}","templated":true}]}}