{"id":10133,"date":"2014-12-03T15:12:53","date_gmt":"2014-12-03T15:12:53","guid":{"rendered":"https:\/\/mostra-mi.it\/?p=10133"},"modified":"2020-05-27T17:55:38","modified_gmt":"2020-05-27T15:55:38","slug":"giulia-sollazzo","status":"publish","type":"post","link":"https:\/\/www.mostra-mi.it\/en\/artisti\/giulia-sollazzo","title":{"rendered":"Giulia Sollazzo"},"content":{"rendered":"<p><!--:en--><\/p>\n<p><!--:--><!--:it-->Il mio giovanissimo progetto \u201dCitt\u00e0 Para-Reali\u201d mostra luoghi del nostro quotidiano, proiettati in un mondo parallelo, surreale. A met\u00e0 tra la meraviglia e l\u2019inquietudine, le opere, ci portano in una realt\u00e0 lontana, dove ci\u00f2 che conosciamo non \u00e8 come lo ricordiamo.<\/p>\n<p>Ecco che nel Castello Visconteo di Pavia, compare un fosso, abitato da un coccodrillo mostruoso, cos\u00ec come presso l\u2019idroscalo, struttura abbandonata della medesima citt\u00e0, compaiono creature fantastiche, mitologiche e preistoriche. Oggetto del mio progetto: Pavia, mia citt\u00e0 Natale e Parigi (citt\u00e0 meravigliosa, ricca di mistero).Non mancheranno tante altre citt\u00e0, tanti altri luoghi. Le fotografie sono state scattate e in seguito ritoccate da me. Per alcune opere ci sono volute diverse ore da lavoro (fino a 8).<\/p>\n<p>Io sono Giulia sollazzo, in arte G.Br\u00ec, sono graphic designer, appassionata di film, misteri e arte. Adoro l\u2019Impressionismo, il Romanticismo come correnti artistiche e come generi di film, quelli di Tim Burton come \u201dEdward Mani di Forbice\u201d si giocano il primo premio nella mia classifica personale con il colossale \u201dJurassic Park\u201d di Spielperg.Ho una formazione artistica e ho lavorato come graphic designer per alcune testate giornalistiche come \u201dCose di Casa\u201d e \u201dsubito Pronto\u201d. Dipingo. Ma l\u2019arte con cui vorrei essere conosciuta \u00e8 quella digitale, che permette di esprimere e raccontare i mondi che immagino e rappresentano forse fughe da una realt\u00e0 che non permette di sognare.<!--:--><\/p>","protected":false},"excerpt":{"rendered":"<p>Il mio giovanissimo progetto \u201dCitt\u00e0 Para-Reali\u201d mostra luoghi del nostro quotidiano, proiettati in un mondo parallelo, surreale. A met\u00e0 tra la meraviglia e l\u2019inquietudine, le opere, ci portano in una realt\u00e0 lontana, dove ci\u00f2 che conosciamo non \u00e8 come lo&#8230;<\/p>","protected":false},"author":129,"featured_media":33049,"comment_status":"open","ping_status":"closed","sticky":false,"template":"","format":"standard","meta":{"footnotes":""},"categories":[92,106],"tags":[159,197,211],"class_list":["post-10133","post","type-post","status-publish","format-standard","has-post-thumbnail","hentry","category-artisti","category-digital-art","tag-arte-contemporanea","tag-digital-art","tag-giovane-artista"],"yoast_head":"<!-- This site is optimized with the Yoast SEO plugin v27.5 - https:\/\/yoast.com\/product\/yoast-seo-wordpress\/ -->\n<title>Giulia Sollazzo - Mostrami<\/title>\n<meta name=\"description\" content=\"Il mio giovanissimo progetto \u201dCitt\u00e0 Para-Reali\u201d mostra luoghi del nostro quotidiano, proiettati in un mondo parallelo, surreale.\" \/>\n<meta name=\"robots\" content=\"index, follow, max-snippet:-1, max-image-preview:large, max-video-preview:-1\" \/>\n<link rel=\"canonical\" href=\"https:\/\/www.mostra-mi.it\/en\/artisti\/giulia-sollazzo\/\" \/>\n<meta property=\"og:locale\" content=\"en_GB\" \/>\n<meta property=\"og:type\" content=\"article\" \/>\n<meta property=\"og:title\" content=\"Giulia Sollazzo - Mostrami\" \/>\n<meta property=\"og:description\" content=\"Il mio giovanissimo progetto \u201dCitt\u00e0 Para-Reali\u201d mostra luoghi del nostro quotidiano, proiettati in un mondo parallelo, surreale.\" \/>\n<meta property=\"og:url\" content=\"https:\/\/www.mostra-mi.it\/en\/artisti\/giulia-sollazzo\/\" \/>\n<meta property=\"og:site_name\" content=\"Mostrami\" \/>\n<meta property=\"article:published_time\" content=\"2014-12-03T15:12:53+00:00\" \/>\n<meta property=\"article:modified_time\" content=\"2020-05-27T15:55:38+00:00\" \/>\n<meta property=\"og:image\" content=\"https:\/\/www.mostra-mi.it\/wp-content\/uploads\/Mostrami-giovani-artisti-evidenza.jpg\" \/>\n\t<meta property=\"og:image:width\" content=\"588\" \/>\n\t<meta property=\"og:image:height\" content=\"388\" \/>\n\t<meta property=\"og:image:type\" content=\"image\/jpeg\" \/>\n<meta name=\"author\" content=\"Giulia Sollazzo\" \/>\n<meta name=\"twitter:card\" content=\"summary_large_image\" \/>\n<meta name=\"twitter:label1\" content=\"Written by\" \/>\n\t<meta name=\"twitter:data1\" content=\"Giulia Sollazzo\" \/>\n\t<meta name=\"twitter:label2\" content=\"Estimated reading time\" \/>\n\t<meta name=\"twitter:data2\" content=\"1 minute\" \/>\n<script type=\"application\/ld+json\" class=\"yoast-schema-graph\">{\"@context\":\"https:\\\/\\\/schema.org\",\"@graph\":[{\"@type\":\"Article\",\"@id\":\"https:\\\/\\\/www.mostra-mi.it\\\/artisti\\\/giulia-sollazzo#article\",\"isPartOf\":{\"@id\":\"https:\\\/\\\/www.mostra-mi.it\\\/artisti\\\/giulia-sollazzo\"},\"author\":{\"name\":\"Giulia Sollazzo\",\"@id\":\"https:\\\/\\\/www.mostra-mi.it\\\/#\\\/schema\\\/person\\\/1bf23c00dbc922f39430092f38482395\"},\"headline\":\"Giulia Sollazzo\",\"datePublished\":\"2014-12-03T15:12:53+00:00\",\"dateModified\":\"2020-05-27T15:55:38+00:00\",\"mainEntityOfPage\":{\"@id\":\"https:\\\/\\\/www.mostra-mi.it\\\/artisti\\\/giulia-sollazzo\"},\"wordCount\":229,\"commentCount\":0,\"publisher\":{\"@id\":\"https:\\\/\\\/www.mostra-mi.it\\\/#organization\"},\"image\":{\"@id\":\"https:\\\/\\\/www.mostra-mi.it\\\/artisti\\\/giulia-sollazzo#primaryimage\"},\"thumbnailUrl\":\"https:\\\/\\\/www.mostra-mi.it\\\/wp-content\\\/uploads\\\/Mostrami-giovani-artisti-evidenza.jpg\",\"keywords\":[\"arte contemporanea\",\"digital art\",\"giovane artista\"],\"articleSection\":[\"Artisti\",\"Digital Art\"],\"inLanguage\":\"en-GB\",\"potentialAction\":[{\"@type\":\"CommentAction\",\"name\":\"Comment\",\"target\":[\"https:\\\/\\\/www.mostra-mi.it\\\/artisti\\\/giulia-sollazzo#respond\"]}]},{\"@type\":\"WebPage\",\"@id\":\"https:\\\/\\\/www.mostra-mi.it\\\/artisti\\\/giulia-sollazzo\",\"url\":\"https:\\\/\\\/www.mostra-mi.it\\\/artisti\\\/giulia-sollazzo\",\"name\":\"Giulia Sollazzo - Mostrami\",\"isPartOf\":{\"@id\":\"https:\\\/\\\/www.mostra-mi.it\\\/#website\"},\"primaryImageOfPage\":{\"@id\":\"https:\\\/\\\/www.mostra-mi.it\\\/artisti\\\/giulia-sollazzo#primaryimage\"},\"image\":{\"@id\":\"https:\\\/\\\/www.mostra-mi.it\\\/artisti\\\/giulia-sollazzo#primaryimage\"},\"thumbnailUrl\":\"https:\\\/\\\/www.mostra-mi.it\\\/wp-content\\\/uploads\\\/Mostrami-giovani-artisti-evidenza.jpg\",\"datePublished\":\"2014-12-03T15:12:53+00:00\",\"dateModified\":\"2020-05-27T15:55:38+00:00\",\"description\":\"Il mio giovanissimo progetto \u201dCitt\u00e0 Para-Reali\u201d mostra luoghi del nostro quotidiano, proiettati in un mondo parallelo, surreale.\",\"breadcrumb\":{\"@id\":\"https:\\\/\\\/www.mostra-mi.it\\\/artisti\\\/giulia-sollazzo#breadcrumb\"},\"inLanguage\":\"en-GB\",\"potentialAction\":[{\"@type\":\"ReadAction\",\"target\":[\"https:\\\/\\\/www.mostra-mi.it\\\/artisti\\\/giulia-sollazzo\"]}]},{\"@type\":\"ImageObject\",\"inLanguage\":\"en-GB\",\"@id\":\"https:\\\/\\\/www.mostra-mi.it\\\/artisti\\\/giulia-sollazzo#primaryimage\",\"url\":\"https:\\\/\\\/www.mostra-mi.it\\\/wp-content\\\/uploads\\\/Mostrami-giovani-artisti-evidenza.jpg\",\"contentUrl\":\"https:\\\/\\\/www.mostra-mi.it\\\/wp-content\\\/uploads\\\/Mostrami-giovani-artisti-evidenza.jpg\",\"width\":588,\"height\":388},{\"@type\":\"BreadcrumbList\",\"@id\":\"https:\\\/\\\/www.mostra-mi.it\\\/artisti\\\/giulia-sollazzo#breadcrumb\",\"itemListElement\":[{\"@type\":\"ListItem\",\"position\":1,\"name\":\"Home\",\"item\":\"https:\\\/\\\/www.mostra-mi.it\\\/\"},{\"@type\":\"ListItem\",\"position\":2,\"name\":\"Giulia Sollazzo\"}]},{\"@type\":\"WebSite\",\"@id\":\"https:\\\/\\\/www.mostra-mi.it\\\/#website\",\"url\":\"https:\\\/\\\/www.mostra-mi.it\\\/\",\"name\":\"Mostrami\",\"description\":\"Mostrami, galleria che si propone come vetrina per giovani artisti\",\"publisher\":{\"@id\":\"https:\\\/\\\/www.mostra-mi.it\\\/#organization\"},\"potentialAction\":[{\"@type\":\"SearchAction\",\"target\":{\"@type\":\"EntryPoint\",\"urlTemplate\":\"https:\\\/\\\/www.mostra-mi.it\\\/?s={search_term_string}\"},\"query-input\":{\"@type\":\"PropertyValueSpecification\",\"valueRequired\":true,\"valueName\":\"search_term_string\"}}],\"inLanguage\":\"en-GB\"},{\"@type\":\"Organization\",\"@id\":\"https:\\\/\\\/www.mostra-mi.it\\\/#organization\",\"name\":\"Mostrami\",\"url\":\"https:\\\/\\\/www.mostra-mi.it\\\/\",\"logo\":{\"@type\":\"ImageObject\",\"inLanguage\":\"en-GB\",\"@id\":\"https:\\\/\\\/www.mostra-mi.it\\\/#\\\/schema\\\/logo\\\/image\\\/\",\"url\":\"\",\"contentUrl\":\"\",\"caption\":\"Mostrami\"},\"image\":{\"@id\":\"https:\\\/\\\/www.mostra-mi.it\\\/#\\\/schema\\\/logo\\\/image\\\/\"}},{\"@type\":\"Person\",\"@id\":\"https:\\\/\\\/www.mostra-mi.it\\\/#\\\/schema\\\/person\\\/1bf23c00dbc922f39430092f38482395\",\"name\":\"Giulia Sollazzo\",\"image\":{\"@type\":\"ImageObject\",\"inLanguage\":\"en-GB\",\"@id\":\"https:\\\/\\\/secure.gravatar.com\\\/avatar\\\/03655075f7a5f1afb64eb3e31304ff9f2d617c0e6dd60b43141d2309eeb10dab?s=96&d=mm&r=g\",\"url\":\"https:\\\/\\\/secure.gravatar.com\\\/avatar\\\/03655075f7a5f1afb64eb3e31304ff9f2d617c0e6dd60b43141d2309eeb10dab?s=96&d=mm&r=g\",\"contentUrl\":\"https:\\\/\\\/secure.gravatar.com\\\/avatar\\\/03655075f7a5f1afb64eb3e31304ff9f2d617c0e6dd60b43141d2309eeb10dab?s=96&d=mm&r=g\",\"caption\":\"Giulia Sollazzo\"},\"url\":\"https:\\\/\\\/www.mostra-mi.it\\\/en\\\/author\\\/giulia-sollazzo\"}]}<\/script>\n<!-- \/ Yoast SEO plugin. -->","yoast_head_json":{"title":"Giulia Sollazzo - Mostrami","description":"Il mio giovanissimo progetto \u201dCitt\u00e0 Para-Reali\u201d mostra luoghi del nostro quotidiano, proiettati in un mondo parallelo, surreale.","robots":{"index":"index","follow":"follow","max-snippet":"max-snippet:-1","max-image-preview":"max-image-preview:large","max-video-preview":"max-video-preview:-1"},"canonical":"https:\/\/www.mostra-mi.it\/en\/artisti\/giulia-sollazzo\/","og_locale":"en_GB","og_type":"article","og_title":"Giulia Sollazzo - Mostrami","og_description":"Il mio giovanissimo progetto \u201dCitt\u00e0 Para-Reali\u201d mostra luoghi del nostro quotidiano, proiettati in un mondo parallelo, surreale.","og_url":"https:\/\/www.mostra-mi.it\/en\/artisti\/giulia-sollazzo\/","og_site_name":"Mostrami","article_published_time":"2014-12-03T15:12:53+00:00","article_modified_time":"2020-05-27T15:55:38+00:00","og_image":[{"width":588,"height":388,"url":"https:\/\/www.mostra-mi.it\/wp-content\/uploads\/Mostrami-giovani-artisti-evidenza.jpg","type":"image\/jpeg"}],"author":"Giulia Sollazzo","twitter_card":"summary_large_image","twitter_misc":{"Written by":"Giulia Sollazzo","Estimated reading time":"1 minute"},"schema":{"@context":"https:\/\/schema.org","@graph":[{"@type":"Article","@id":"https:\/\/www.mostra-mi.it\/artisti\/giulia-sollazzo#article","isPartOf":{"@id":"https:\/\/www.mostra-mi.it\/artisti\/giulia-sollazzo"},"author":{"name":"Giulia Sollazzo","@id":"https:\/\/www.mostra-mi.it\/#\/schema\/person\/1bf23c00dbc922f39430092f38482395"},"headline":"Giulia Sollazzo","datePublished":"2014-12-03T15:12:53+00:00","dateModified":"2020-05-27T15:55:38+00:00","mainEntityOfPage":{"@id":"https:\/\/www.mostra-mi.it\/artisti\/giulia-sollazzo"},"wordCount":229,"commentCount":0,"publisher":{"@id":"https:\/\/www.mostra-mi.it\/#organization"},"image":{"@id":"https:\/\/www.mostra-mi.it\/artisti\/giulia-sollazzo#primaryimage"},"thumbnailUrl":"https:\/\/www.mostra-mi.it\/wp-content\/uploads\/Mostrami-giovani-artisti-evidenza.jpg","keywords":["arte contemporanea","digital art","giovane artista"],"articleSection":["Artisti","Digital Art"],"inLanguage":"en-GB","potentialAction":[{"@type":"CommentAction","name":"Comment","target":["https:\/\/www.mostra-mi.it\/artisti\/giulia-sollazzo#respond"]}]},{"@type":"WebPage","@id":"https:\/\/www.mostra-mi.it\/artisti\/giulia-sollazzo","url":"https:\/\/www.mostra-mi.it\/artisti\/giulia-sollazzo","name":"Giulia Sollazzo - Mostrami","isPartOf":{"@id":"https:\/\/www.mostra-mi.it\/#website"},"primaryImageOfPage":{"@id":"https:\/\/www.mostra-mi.it\/artisti\/giulia-sollazzo#primaryimage"},"image":{"@id":"https:\/\/www.mostra-mi.it\/artisti\/giulia-sollazzo#primaryimage"},"thumbnailUrl":"https:\/\/www.mostra-mi.it\/wp-content\/uploads\/Mostrami-giovani-artisti-evidenza.jpg","datePublished":"2014-12-03T15:12:53+00:00","dateModified":"2020-05-27T15:55:38+00:00","description":"Il mio giovanissimo progetto \u201dCitt\u00e0 Para-Reali\u201d mostra luoghi del nostro quotidiano, proiettati in un mondo parallelo, surreale.","breadcrumb":{"@id":"https:\/\/www.mostra-mi.it\/artisti\/giulia-sollazzo#breadcrumb"},"inLanguage":"en-GB","potentialAction":[{"@type":"ReadAction","target":["https:\/\/www.mostra-mi.it\/artisti\/giulia-sollazzo"]}]},{"@type":"ImageObject","inLanguage":"en-GB","@id":"https:\/\/www.mostra-mi.it\/artisti\/giulia-sollazzo#primaryimage","url":"https:\/\/www.mostra-mi.it\/wp-content\/uploads\/Mostrami-giovani-artisti-evidenza.jpg","contentUrl":"https:\/\/www.mostra-mi.it\/wp-content\/uploads\/Mostrami-giovani-artisti-evidenza.jpg","width":588,"height":388},{"@type":"BreadcrumbList","@id":"https:\/\/www.mostra-mi.it\/artisti\/giulia-sollazzo#breadcrumb","itemListElement":[{"@type":"ListItem","position":1,"name":"Home","item":"https:\/\/www.mostra-mi.it\/"},{"@type":"ListItem","position":2,"name":"Giulia Sollazzo"}]},{"@type":"WebSite","@id":"https:\/\/www.mostra-mi.it\/#website","url":"https:\/\/www.mostra-mi.it\/","name":"Mostrami","description":"Mostrami, galleria che si propone come vetrina per giovani artisti","publisher":{"@id":"https:\/\/www.mostra-mi.it\/#organization"},"potentialAction":[{"@type":"SearchAction","target":{"@type":"EntryPoint","urlTemplate":"https:\/\/www.mostra-mi.it\/?s={search_term_string}"},"query-input":{"@type":"PropertyValueSpecification","valueRequired":true,"valueName":"search_term_string"}}],"inLanguage":"en-GB"},{"@type":"Organization","@id":"https:\/\/www.mostra-mi.it\/#organization","name":"Mostrami","url":"https:\/\/www.mostra-mi.it\/","logo":{"@type":"ImageObject","inLanguage":"en-GB","@id":"https:\/\/www.mostra-mi.it\/#\/schema\/logo\/image\/","url":"","contentUrl":"","caption":"Mostrami"},"image":{"@id":"https:\/\/www.mostra-mi.it\/#\/schema\/logo\/image\/"}},{"@type":"Person","@id":"https:\/\/www.mostra-mi.it\/#\/schema\/person\/1bf23c00dbc922f39430092f38482395","name":"Giulia Sollazzo","image":{"@type":"ImageObject","inLanguage":"en-GB","@id":"https:\/\/secure.gravatar.com\/avatar\/03655075f7a5f1afb64eb3e31304ff9f2d617c0e6dd60b43141d2309eeb10dab?s=96&d=mm&r=g","url":"https:\/\/secure.gravatar.com\/avatar\/03655075f7a5f1afb64eb3e31304ff9f2d617c0e6dd60b43141d2309eeb10dab?s=96&d=mm&r=g","contentUrl":"https:\/\/secure.gravatar.com\/avatar\/03655075f7a5f1afb64eb3e31304ff9f2d617c0e6dd60b43141d2309eeb10dab?s=96&d=mm&r=g","caption":"Giulia Sollazzo"},"url":"https:\/\/www.mostra-mi.it\/en\/author\/giulia-sollazzo"}]}},"_links":{"self":[{"href":"https:\/\/www.mostra-mi.it\/en\/wp-json\/wp\/v2\/posts\/10133","targetHints":{"allow":["GET"]}}],"collection":[{"href":"https:\/\/www.mostra-mi.it\/en\/wp-json\/wp\/v2\/posts"}],"about":[{"href":"https:\/\/www.mostra-mi.it\/en\/wp-json\/wp\/v2\/types\/post"}],"author":[{"embeddable":true,"href":"https:\/\/www.mostra-mi.it\/en\/wp-json\/wp\/v2\/users\/129"}],"replies":[{"embeddable":true,"href":"https:\/\/www.mostra-mi.it\/en\/wp-json\/wp\/v2\/comments?post=10133"}],"version-history":[{"count":0,"href":"https:\/\/www.mostra-mi.it\/en\/wp-json\/wp\/v2\/posts\/10133\/revisions"}],"wp:featuredmedia":[{"embeddable":true,"href":"https:\/\/www.mostra-mi.it\/en\/wp-json\/wp\/v2\/media\/33049"}],"wp:attachment":[{"href":"https:\/\/www.mostra-mi.it\/en\/wp-json\/wp\/v2\/media?parent=10133"}],"wp:term":[{"taxonomy":"category","embeddable":true,"href":"https:\/\/www.mostra-mi.it\/en\/wp-json\/wp\/v2\/categories?post=10133"},{"taxonomy":"post_tag","embeddable":true,"href":"https:\/\/www.mostra-mi.it\/en\/wp-json\/wp\/v2\/tags?post=10133"}],"curies":[{"name":"wp","href":"https:\/\/api.w.org\/{rel}","templated":true}]}}